{"id":2768,"date":"2024-09-03T10:13:15","date_gmt":"2024-09-03T13:13:15","guid":{"rendered":"http:\/\/www.hospitalriodoce.com.br\/br\/?p=2768"},"modified":"2024-09-03T10:13:17","modified_gmt":"2024-09-03T13:13:17","slug":"participamos-do-iii-congresso-de-oncologia-do-hospital-santa-rita","status":"publish","type":"post","link":"https:\/\/www.hospitalriodoce.com.br\/br\/index.php\/2024\/09\/03\/participamos-do-iii-congresso-de-oncologia-do-hospital-santa-rita\/","title":{"rendered":"Participamos do III Congresso de Oncologia do Hospital Santa Rita"},"content":{"rendered":"\n<p>Dos dias 29 a 31 de agosto, nossos colaboradores participaram do III Congresso de Oncologia do Hospital Santa Rita, com o objetivo de promover o debate sobre abordagens interdisciplinares em oncologia e aprimorar a assist\u00eancia integral ao paciente.<\/p>\n\n\n\n<p>Apresentamos dois trabalhos:<br>&#8211; Forma\u00e7\u00e3o do grupo de apoio para mulheres em tratamento oncol\u00f3gico no Hospital Rio Doce<br>&#8211; A import\u00e2ncia da atua\u00e7\u00e3o da equipe multiprofissional no atendimento ao paciente com c\u00e2ncer no p\u00eanis<\/p>\n\n\n\n<p>Foi um encontro muito enriquecedor, repleto de novos aprendizados!? ??<\/p>\n\n\n\n<p>Paola Nali (Assessora de Comunica\u00e7\u00e3o)<\/p>\n","protected":false},"excerpt":{"rendered":"<p>Dos dias 29 a 31 de agosto, nossos colaboradores participaram do III Congresso de Oncologia do Hospital Santa Rita, com o objetivo de promover o debate sobre abordagens interdisciplinares em oncologia e aprimorar a assist\u00eancia integral ao paciente. Apresentamos dois trabalhos:&#8211; Forma\u00e7\u00e3o do grupo de apoio para mulheres em tratamento oncol\u00f3gico no Hospital Rio Doce&#8211; [&hellip;]<\/p>\n","protected":false},"author":1,"featured_media":2769,"comment_status":"open","ping_status":"open","sticky":false,"template":"","format":"standard","meta":{"_monsterinsights_skip_tracking":false,"_monsterinsights_sitenote_active":false,"_monsterinsights_sitenote_note":"","_monsterinsights_sitenote_category":0,"footnotes":""},"categories":[1],"tags":[],"class_list":["post-2768","post","type-post","status-publish","format-standard","has-post-thumbnail","hentry","category-noticias"],"yoast_head":"<!-- This site is optimized with the Yoast SEO plugin v16.7 - https:\/\/yoast.com\/wordpress\/plugins\/seo\/ -->\n<title>Participamos do III Congresso de Oncologia do Hospital Santa Rita - Hospital Rio Doce<\/title>\n<meta name=\"robots\" content=\"index, follow, max-snippet:-1, max-image-preview:large, max-video-preview:-1\" \/>\n<link rel=\"canonical\" href=\"http:\/\/www.hospitalriodoce.com.br\/br\/index.php\/2024\/09\/03\/participamos-do-iii-congresso-de-oncologia-do-hospital-santa-rita\/\" \/>\n<meta property=\"og:locale\" content=\"pt_BR\" \/>\n<meta property=\"og:type\" content=\"article\" \/>\n<meta property=\"og:title\" content=\"Participamos do III Congresso de Oncologia do Hospital Santa Rita - Hospital Rio Doce\" \/>\n<meta property=\"og:description\" content=\"Dos dias 29 a 31 de agosto, nossos colaboradores participaram do III Congresso de Oncologia do Hospital Santa Rita, com o objetivo de promover o debate sobre abordagens interdisciplinares em oncologia e aprimorar a assist\u00eancia integral ao paciente. Apresentamos dois trabalhos:&#8211; Forma\u00e7\u00e3o do grupo de apoio para mulheres em tratamento oncol\u00f3gico no Hospital Rio Doce&#8211; [&hellip;]\" \/>\n<meta property=\"og:url\" content=\"http:\/\/www.hospitalriodoce.com.br\/br\/index.php\/2024\/09\/03\/participamos-do-iii-congresso-de-oncologia-do-hospital-santa-rita\/\" \/>\n<meta property=\"og:site_name\" content=\"Hospital Rio Doce\" \/>\n<meta property=\"article:publisher\" content=\"https:\/\/fb.me\/hospitalriodoce\" \/>\n<meta property=\"article:published_time\" content=\"2024-09-03T13:13:15+00:00\" \/>\n<meta property=\"article:modified_time\" content=\"2024-09-03T13:13:17+00:00\" \/>\n<meta property=\"og:image\" content=\"http:\/\/www.hospitalriodoce.com.br\/br\/wp-content\/uploads\/2024\/09\/8.png\" \/>\n\t<meta property=\"og:image:width\" content=\"1080\" \/>\n\t<meta property=\"og:image:height\" content=\"1080\" \/>\n<meta name=\"twitter:card\" content=\"summary_large_image\" \/>\n<meta name=\"twitter:label1\" content=\"Escrito por\" \/>\n\t<meta name=\"twitter:data1\" content=\"hospitalriodoce\" \/>\n\t<meta name=\"twitter:label2\" content=\"Est. tempo de leitura\" \/>\n\t<meta name=\"twitter:data2\" content=\"1 minuto\" \/>\n<script type=\"application\/ld+json\" class=\"yoast-schema-graph\">{\"@context\":\"https:\/\/schema.org\",\"@graph\":[{\"@type\":\"Organization\",\"@id\":\"https:\/\/www.hospitalriodoce.com.br\/br\/#organization\",\"name\":\"Hospital Rio Doce\",\"url\":\"https:\/\/www.hospitalriodoce.com.br\/br\/\",\"sameAs\":[\"https:\/\/fb.me\/hospitalriodoce\",\"https:\/\/instagram.com\/hospitalriodoce\"],\"logo\":{\"@type\":\"ImageObject\",\"@id\":\"https:\/\/www.hospitalriodoce.com.br\/br\/#logo\",\"inLanguage\":\"pt-BR\",\"url\":\"http:\/\/www.hospitalriodoce.com.br\/br\/wp-content\/uploads\/2020\/08\/Hospital-Rio-Doce-Logo.png\",\"contentUrl\":\"http:\/\/www.hospitalriodoce.com.br\/br\/wp-content\/uploads\/2020\/08\/Hospital-Rio-Doce-Logo.png\",\"width\":1558,\"height\":590,\"caption\":\"Hospital Rio Doce\"},\"image\":{\"@id\":\"https:\/\/www.hospitalriodoce.com.br\/br\/#logo\"}},{\"@type\":\"WebSite\",\"@id\":\"https:\/\/www.hospitalriodoce.com.br\/br\/#website\",\"url\":\"https:\/\/www.hospitalriodoce.com.br\/br\/\",\"name\":\"Hospital Rio Doce\",\"description\":\"O Hospital Rio Doce \\u00e9 uma institui\\u00e7\\u00e3o filantr\\u00f3pica mantida pela Funda\\u00e7\\u00e3o Beneficente Rio Doce.\",\"publisher\":{\"@id\":\"https:\/\/www.hospitalriodoce.com.br\/br\/#organization\"},\"potentialAction\":[{\"@type\":\"SearchAction\",\"target\":{\"@type\":\"EntryPoint\",\"urlTemplate\":\"https:\/\/www.hospitalriodoce.com.br\/br\/?s={search_term_string}\"},\"query-input\":\"required name=search_term_string\"}],\"inLanguage\":\"pt-BR\"},{\"@type\":\"ImageObject\",\"@id\":\"http:\/\/www.hospitalriodoce.com.br\/br\/index.php\/2024\/09\/03\/participamos-do-iii-congresso-de-oncologia-do-hospital-santa-rita\/#primaryimage\",\"inLanguage\":\"pt-BR\",\"url\":\"https:\/\/www.hospitalriodoce.com.br\/br\/wp-content\/uploads\/2024\/09\/8.png\",\"contentUrl\":\"https:\/\/www.hospitalriodoce.com.br\/br\/wp-content\/uploads\/2024\/09\/8.png\",\"width\":1080,\"height\":1080},{\"@type\":\"WebPage\",\"@id\":\"http:\/\/www.hospitalriodoce.com.br\/br\/index.php\/2024\/09\/03\/participamos-do-iii-congresso-de-oncologia-do-hospital-santa-rita\/#webpage\",\"url\":\"http:\/\/www.hospitalriodoce.com.br\/br\/index.php\/2024\/09\/03\/participamos-do-iii-congresso-de-oncologia-do-hospital-santa-rita\/\",\"name\":\"Participamos do III Congresso de Oncologia do Hospital Santa Rita - Hospital Rio Doce\",\"isPartOf\":{\"@id\":\"https:\/\/www.hospitalriodoce.com.br\/br\/#website\"},\"primaryImageOfPage\":{\"@id\":\"http:\/\/www.hospitalriodoce.com.br\/br\/index.php\/2024\/09\/03\/participamos-do-iii-congresso-de-oncologia-do-hospital-santa-rita\/#primaryimage\"},\"datePublished\":\"2024-09-03T13:13:15+00:00\",\"dateModified\":\"2024-09-03T13:13:17+00:00\",\"breadcrumb\":{\"@id\":\"http:\/\/www.hospitalriodoce.com.br\/br\/index.php\/2024\/09\/03\/participamos-do-iii-congresso-de-oncologia-do-hospital-santa-rita\/#breadcrumb\"},\"inLanguage\":\"pt-BR\",\"potentialAction\":[{\"@type\":\"ReadAction\",\"target\":[\"http:\/\/www.hospitalriodoce.com.br\/br\/index.php\/2024\/09\/03\/participamos-do-iii-congresso-de-oncologia-do-hospital-santa-rita\/\"]}]},{\"@type\":\"BreadcrumbList\",\"@id\":\"http:\/\/www.hospitalriodoce.com.br\/br\/index.php\/2024\/09\/03\/participamos-do-iii-congresso-de-oncologia-do-hospital-santa-rita\/#breadcrumb\",\"itemListElement\":[{\"@type\":\"ListItem\",\"position\":1,\"name\":\"Home\",\"item\":\"https:\/\/www.hospitalriodoce.com.br\/br\/\"},{\"@type\":\"ListItem\",\"position\":2,\"name\":\"Participamos do III Congresso de Oncologia do Hospital Santa Rita\"}]},{\"@type\":\"Article\",\"@id\":\"http:\/\/www.hospitalriodoce.com.br\/br\/index.php\/2024\/09\/03\/participamos-do-iii-congresso-de-oncologia-do-hospital-santa-rita\/#article\",\"isPartOf\":{\"@id\":\"http:\/\/www.hospitalriodoce.com.br\/br\/index.php\/2024\/09\/03\/participamos-do-iii-congresso-de-oncologia-do-hospital-santa-rita\/#webpage\"},\"author\":{\"@id\":\"https:\/\/www.hospitalriodoce.com.br\/br\/#\/schema\/person\/fceb3e09053e5a2a4d79f7999ee34aee\"},\"headline\":\"Participamos do III Congresso de Oncologia do Hospital Santa Rita\",\"datePublished\":\"2024-09-03T13:13:15+00:00\",\"dateModified\":\"2024-09-03T13:13:17+00:00\",\"mainEntityOfPage\":{\"@id\":\"http:\/\/www.hospitalriodoce.com.br\/br\/index.php\/2024\/09\/03\/participamos-do-iii-congresso-de-oncologia-do-hospital-santa-rita\/#webpage\"},\"wordCount\":101,\"commentCount\":0,\"publisher\":{\"@id\":\"https:\/\/www.hospitalriodoce.com.br\/br\/#organization\"},\"image\":{\"@id\":\"http:\/\/www.hospitalriodoce.com.br\/br\/index.php\/2024\/09\/03\/participamos-do-iii-congresso-de-oncologia-do-hospital-santa-rita\/#primaryimage\"},\"thumbnailUrl\":\"https:\/\/www.hospitalriodoce.com.br\/br\/wp-content\/uploads\/2024\/09\/8.png\",\"articleSection\":[\"Not\\u00edcias\"],\"inLanguage\":\"pt-BR\",\"potentialAction\":[{\"@type\":\"CommentAction\",\"name\":\"Comment\",\"target\":[\"http:\/\/www.hospitalriodoce.com.br\/br\/index.php\/2024\/09\/03\/participamos-do-iii-congresso-de-oncologia-do-hospital-santa-rita\/#respond\"]}]},{\"@type\":\"Person\",\"@id\":\"https:\/\/www.hospitalriodoce.com.br\/br\/#\/schema\/person\/fceb3e09053e5a2a4d79f7999ee34aee\",\"name\":\"hospitalriodoce\",\"image\":{\"@type\":\"ImageObject\",\"@id\":\"https:\/\/www.hospitalriodoce.com.br\/br\/#personlogo\",\"inLanguage\":\"pt-BR\",\"url\":\"https:\/\/secure.gravatar.com\/avatar\/34ea37b5f2212b479b52a2a66f589314?s=96&d=mm&r=g\",\"contentUrl\":\"https:\/\/secure.gravatar.com\/avatar\/34ea37b5f2212b479b52a2a66f589314?s=96&d=mm&r=g\",\"caption\":\"hospitalriodoce\"},\"sameAs\":[\"http:\/\/www.hospitalriodoce.com.br\/br\"]}]}<\/script>\n<!-- \/ Yoast SEO plugin. -->","yoast_head_json":{"title":"Participamos do III Congresso de Oncologia do Hospital Santa Rita - Hospital Rio Doce","robots":{"index":"index","follow":"follow","max-snippet":"max-snippet:-1","max-image-preview":"max-image-preview:large","max-video-preview":"max-video-preview:-1"},"canonical":"http:\/\/www.hospitalriodoce.com.br\/br\/index.php\/2024\/09\/03\/participamos-do-iii-congresso-de-oncologia-do-hospital-santa-rita\/","og_locale":"pt_BR","og_type":"article","og_title":"Participamos do III Congresso de Oncologia do Hospital Santa Rita - Hospital Rio Doce","og_description":"Dos dias 29 a 31 de agosto, nossos colaboradores participaram do III Congresso de Oncologia do Hospital Santa Rita, com o objetivo de promover o debate sobre abordagens interdisciplinares em oncologia e aprimorar a assist\u00eancia integral ao paciente. Apresentamos dois trabalhos:&#8211; Forma\u00e7\u00e3o do grupo de apoio para mulheres em tratamento oncol\u00f3gico no Hospital Rio Doce&#8211; [&hellip;]","og_url":"http:\/\/www.hospitalriodoce.com.br\/br\/index.php\/2024\/09\/03\/participamos-do-iii-congresso-de-oncologia-do-hospital-santa-rita\/","og_site_name":"Hospital Rio Doce","article_publisher":"https:\/\/fb.me\/hospitalriodoce","article_published_time":"2024-09-03T13:13:15+00:00","article_modified_time":"2024-09-03T13:13:17+00:00","og_image":[{"width":1080,"height":1080,"url":"http:\/\/www.hospitalriodoce.com.br\/br\/wp-content\/uploads\/2024\/09\/8.png","path":"\/home\/h\/hospitalriodoce\/www\/br\/wp-content\/uploads\/2024\/09\/8.png","size":"full","id":2769,"alt":"","pixels":1166400,"type":"image\/png"}],"twitter_card":"summary_large_image","twitter_misc":{"Escrito por":"hospitalriodoce","Est. tempo de leitura":"1 minuto"},"schema":{"@context":"https:\/\/schema.org","@graph":[{"@type":"Organization","@id":"https:\/\/www.hospitalriodoce.com.br\/br\/#organization","name":"Hospital Rio Doce","url":"https:\/\/www.hospitalriodoce.com.br\/br\/","sameAs":["https:\/\/fb.me\/hospitalriodoce","https:\/\/instagram.com\/hospitalriodoce"],"logo":{"@type":"ImageObject","@id":"https:\/\/www.hospitalriodoce.com.br\/br\/#logo","inLanguage":"pt-BR","url":"http:\/\/www.hospitalriodoce.com.br\/br\/wp-content\/uploads\/2020\/08\/Hospital-Rio-Doce-Logo.png","contentUrl":"http:\/\/www.hospitalriodoce.com.br\/br\/wp-content\/uploads\/2020\/08\/Hospital-Rio-Doce-Logo.png","width":1558,"height":590,"caption":"Hospital Rio Doce"},"image":{"@id":"https:\/\/www.hospitalriodoce.com.br\/br\/#logo"}},{"@type":"WebSite","@id":"https:\/\/www.hospitalriodoce.com.br\/br\/#website","url":"https:\/\/www.hospitalriodoce.com.br\/br\/","name":"Hospital Rio Doce","description":"O Hospital Rio Doce \u00e9 uma institui\u00e7\u00e3o filantr\u00f3pica mantida pela Funda\u00e7\u00e3o Beneficente Rio Doce.","publisher":{"@id":"https:\/\/www.hospitalriodoce.com.br\/br\/#organization"},"potentialAction":[{"@type":"SearchAction","target":{"@type":"EntryPoint","urlTemplate":"https:\/\/www.hospitalriodoce.com.br\/br\/?s={search_term_string}"},"query-input":"required name=search_term_string"}],"inLanguage":"pt-BR"},{"@type":"ImageObject","@id":"http:\/\/www.hospitalriodoce.com.br\/br\/index.php\/2024\/09\/03\/participamos-do-iii-congresso-de-oncologia-do-hospital-santa-rita\/#primaryimage","inLanguage":"pt-BR","url":"https:\/\/www.hospitalriodoce.com.br\/br\/wp-content\/uploads\/2024\/09\/8.png","contentUrl":"https:\/\/www.hospitalriodoce.com.br\/br\/wp-content\/uploads\/2024\/09\/8.png","width":1080,"height":1080},{"@type":"WebPage","@id":"http:\/\/www.hospitalriodoce.com.br\/br\/index.php\/2024\/09\/03\/participamos-do-iii-congresso-de-oncologia-do-hospital-santa-rita\/#webpage","url":"http:\/\/www.hospitalriodoce.com.br\/br\/index.php\/2024\/09\/03\/participamos-do-iii-congresso-de-oncologia-do-hospital-santa-rita\/","name":"Participamos do III Congresso de Oncologia do Hospital Santa Rita - Hospital Rio Doce","isPartOf":{"@id":"https:\/\/www.hospitalriodoce.com.br\/br\/#website"},"primaryImageOfPage":{"@id":"http:\/\/www.hospitalriodoce.com.br\/br\/index.php\/2024\/09\/03\/participamos-do-iii-congresso-de-oncologia-do-hospital-santa-rita\/#primaryimage"},"datePublished":"2024-09-03T13:13:15+00:00","dateModified":"2024-09-03T13:13:17+00:00","breadcrumb":{"@id":"http:\/\/www.hospitalriodoce.com.br\/br\/index.php\/2024\/09\/03\/participamos-do-iii-congresso-de-oncologia-do-hospital-santa-rita\/#breadcrumb"},"inLanguage":"pt-BR","potentialAction":[{"@type":"ReadAction","target":["http:\/\/www.hospitalriodoce.com.br\/br\/index.php\/2024\/09\/03\/participamos-do-iii-congresso-de-oncologia-do-hospital-santa-rita\/"]}]},{"@type":"BreadcrumbList","@id":"http:\/\/www.hospitalriodoce.com.br\/br\/index.php\/2024\/09\/03\/participamos-do-iii-congresso-de-oncologia-do-hospital-santa-rita\/#breadcrumb","itemListElement":[{"@type":"ListItem","position":1,"name":"Home","item":"https:\/\/www.hospitalriodoce.com.br\/br\/"},{"@type":"ListItem","position":2,"name":"Participamos do III Congresso de Oncologia do Hospital Santa Rita"}]},{"@type":"Article","@id":"http:\/\/www.hospitalriodoce.com.br\/br\/index.php\/2024\/09\/03\/participamos-do-iii-congresso-de-oncologia-do-hospital-santa-rita\/#article","isPartOf":{"@id":"http:\/\/www.hospitalriodoce.com.br\/br\/index.php\/2024\/09\/03\/participamos-do-iii-congresso-de-oncologia-do-hospital-santa-rita\/#webpage"},"author":{"@id":"https:\/\/www.hospitalriodoce.com.br\/br\/#\/schema\/person\/fceb3e09053e5a2a4d79f7999ee34aee"},"headline":"Participamos do III Congresso de Oncologia do Hospital Santa Rita","datePublished":"2024-09-03T13:13:15+00:00","dateModified":"2024-09-03T13:13:17+00:00","mainEntityOfPage":{"@id":"http:\/\/www.hospitalriodoce.com.br\/br\/index.php\/2024\/09\/03\/participamos-do-iii-congresso-de-oncologia-do-hospital-santa-rita\/#webpage"},"wordCount":101,"commentCount":0,"publisher":{"@id":"https:\/\/www.hospitalriodoce.com.br\/br\/#organization"},"image":{"@id":"http:\/\/www.hospitalriodoce.com.br\/br\/index.php\/2024\/09\/03\/participamos-do-iii-congresso-de-oncologia-do-hospital-santa-rita\/#primaryimage"},"thumbnailUrl":"https:\/\/www.hospitalriodoce.com.br\/br\/wp-content\/uploads\/2024\/09\/8.png","articleSection":["Not\u00edcias"],"inLanguage":"pt-BR","potentialAction":[{"@type":"CommentAction","name":"Comment","target":["http:\/\/www.hospitalriodoce.com.br\/br\/index.php\/2024\/09\/03\/participamos-do-iii-congresso-de-oncologia-do-hospital-santa-rita\/#respond"]}]},{"@type":"Person","@id":"https:\/\/www.hospitalriodoce.com.br\/br\/#\/schema\/person\/fceb3e09053e5a2a4d79f7999ee34aee","name":"hospitalriodoce","image":{"@type":"ImageObject","@id":"https:\/\/www.hospitalriodoce.com.br\/br\/#personlogo","inLanguage":"pt-BR","url":"https:\/\/secure.gravatar.com\/avatar\/34ea37b5f2212b479b52a2a66f589314?s=96&d=mm&r=g","contentUrl":"https:\/\/secure.gravatar.com\/avatar\/34ea37b5f2212b479b52a2a66f589314?s=96&d=mm&r=g","caption":"hospitalriodoce"},"sameAs":["http:\/\/www.hospitalriodoce.com.br\/br"]}]}},"_links":{"self":[{"href":"https:\/\/www.hospitalriodoce.com.br\/br\/index.php\/wp-json\/wp\/v2\/posts\/2768"}],"collection":[{"href":"https:\/\/www.hospitalriodoce.com.br\/br\/index.php\/wp-json\/wp\/v2\/posts"}],"about":[{"href":"https:\/\/www.hospitalriodoce.com.br\/br\/index.php\/wp-json\/wp\/v2\/types\/post"}],"author":[{"embeddable":true,"href":"https:\/\/www.hospitalriodoce.com.br\/br\/index.php\/wp-json\/wp\/v2\/users\/1"}],"replies":[{"embeddable":true,"href":"https:\/\/www.hospitalriodoce.com.br\/br\/index.php\/wp-json\/wp\/v2\/comments?post=2768"}],"version-history":[{"count":1,"href":"https:\/\/www.hospitalriodoce.com.br\/br\/index.php\/wp-json\/wp\/v2\/posts\/2768\/revisions"}],"predecessor-version":[{"id":2770,"href":"https:\/\/www.hospitalriodoce.com.br\/br\/index.php\/wp-json\/wp\/v2\/posts\/2768\/revisions\/2770"}],"wp:featuredmedia":[{"embeddable":true,"href":"https:\/\/www.hospitalriodoce.com.br\/br\/index.php\/wp-json\/wp\/v2\/media\/2769"}],"wp:attachment":[{"href":"https:\/\/www.hospitalriodoce.com.br\/br\/index.php\/wp-json\/wp\/v2\/media?parent=2768"}],"wp:term":[{"taxonomy":"category","embeddable":true,"href":"https:\/\/www.hospitalriodoce.com.br\/br\/index.php\/wp-json\/wp\/v2\/categories?post=2768"},{"taxonomy":"post_tag","embeddable":true,"href":"https:\/\/www.hospitalriodoce.com.br\/br\/index.php\/wp-json\/wp\/v2\/tags?post=2768"}],"curies":[{"name":"wp","href":"https:\/\/api.w.org\/{rel}","templated":true}]}}