{"id":4526,"date":"2025-10-29T11:27:07","date_gmt":"2025-10-29T14:27:07","guid":{"rendered":"https:\/\/www.hospitalriodoce.com.br\/br\/?p=4526"},"modified":"2025-10-29T11:27:08","modified_gmt":"2025-10-29T14:27:08","slug":"espiritualidade-que-acolhe-e-transforma-residentes-do-programa-de-atencao-oncologica-do-hospital-rio-doce-promovem-encontros-de-cuidado-integral-e-humanizado","status":"publish","type":"post","link":"https:\/\/www.hospitalriodoce.com.br\/br\/index.php\/2025\/10\/29\/espiritualidade-que-acolhe-e-transforma-residentes-do-programa-de-atencao-oncologica-do-hospital-rio-doce-promovem-encontros-de-cuidado-integral-e-humanizado\/","title":{"rendered":"Espiritualidade que acolhe e transforma: Residentes do Programa de Aten\u00e7\u00e3o Oncol\u00f3gica do Hospital Rio Doce promovem encontros de cuidado integral e humanizado"},"content":{"rendered":"\n<p>Espiritualidade que acolhe e transforma! Os residentes (R2) do Programa de Aten\u00e7\u00e3o Oncol\u00f3gica do Hospital Rio Doce promoveram dois momentos especiais com o tema Espiritualidade, refor\u00e7ando a import\u00e2ncia do cuidado integral e humanizado.<\/p>\n\n\n\n<p>O primeiro foi o Semin\u00e1rio \u201cMedidas pr\u00e1ticas para a assist\u00eancia espiritual em cuidados paliativos\u201d, apresentado pelos residentes R2 de Farm\u00e1cia, Nutri\u00e7\u00e3o, Fisioterapia e Enfermagem. \ud83d\udcac<\/p>\n\n\n\n<p>O encontro abordou estrat\u00e9gias pr\u00e1ticas para incluir a dimens\u00e3o espiritual no cuidado de pacientes em cuidados paliativos, destacando o papel da equipe multiprofissional na escuta, acolhimento e promo\u00e7\u00e3o do conforto espiritual.<\/p>\n\n\n\n<p>Como parte das a\u00e7\u00f5es apresentadas, foi implementada a Roda de Conversa sobre Espiritualidade, que ser\u00e1 realizada mensalmente, e a primeira j\u00e1 aconteceu!<\/p>\n\n\n\n<p>O momento reuniu pacientes internados, acompanhantes e profissionais em um espa\u00e7o de di\u00e1logo e reflex\u00e3o sobre f\u00e9, esperan\u00e7a e sentido, fortalecendo o bem-estar emocional e o v\u00ednculo entre todos.<\/p>\n\n\n\n<p>O encontro contou ainda com a participa\u00e7\u00e3o da Pastoral da Sa\u00fade da Par\u00f3quia da Concei\u00e7\u00e3o, do pastor Paulo da Igreja Batista e de membros da Casa Esp\u00edrita Joana D\u2019Arc, em uma bela demonstra\u00e7\u00e3o de uni\u00e3o e respeito \u00e0s diferentes express\u00f5es de f\u00e9. \ud83d\ude4f\ud83c\udffb<\/p>\n\n\n\n<p>Cuidar \u00e9 tamb\u00e9m acolher o que fortalece a alma. \ud83d\udc99<\/p>\n\n\n\n<p><a href=\"https:\/\/www.instagram.com\/isabelastelzer\/\">@isabelastelzer<\/a><a href=\"https:\/\/www.instagram.com\/maanubraaz\/\">@maanubraaz<\/a><a href=\"https:\/\/www.instagram.com\/elizaneguimaraes\/\">@elizaneguimaraes<\/a><a href=\"https:\/\/www.instagram.com\/damarisrossmann\/\">@damarisrossmann<\/a><a href=\"https:\/\/www.instagram.com\/rafaelmarastoni\/\">@rafaelmarastoni<\/a><a href=\"https:\/\/www.instagram.com\/larissabramusse\/\">@larissabramusse<\/a><a href=\"https:\/\/www.instagram.com\/karinyrizzolli\/\">@karinyrizzolli<\/a><a href=\"https:\/\/www.instagram.com\/laramcarvalho\/\">@laramcarvalho<\/a><a href=\"https:\/\/www.instagram.com\/jacksonrodrigues\/\">@jacksonrodrigues<\/a><\/p>\n\n\n\n<p>Paola Nali (Assessora de Comunica\u00e7\u00e3o)<\/p>\n","protected":false},"excerpt":{"rendered":"<p>Espiritualidade que acolhe e transforma! Os residentes (R2) do Programa de Aten\u00e7\u00e3o Oncol\u00f3gica do Hospital Rio Doce promoveram dois momentos especiais com o tema Espiritualidade, refor\u00e7ando a import\u00e2ncia do cuidado integral e humanizado. O primeiro foi o Semin\u00e1rio \u201cMedidas pr\u00e1ticas para a assist\u00eancia espiritual em cuidados paliativos\u201d, apresentado pelos residentes R2 de Farm\u00e1cia, Nutri\u00e7\u00e3o, Fisioterapia [&hellip;]<\/p>\n","protected":false},"author":1,"featured_media":4527,"comment_status":"open","ping_status":"open","sticky":false,"template":"","format":"standard","meta":{"_monsterinsights_skip_tracking":false,"_monsterinsights_sitenote_active":false,"_monsterinsights_sitenote_note":"","_monsterinsights_sitenote_category":0,"footnotes":""},"categories":[1],"tags":[],"class_list":["post-4526","post","type-post","status-publish","format-standard","has-post-thumbnail","hentry","category-noticias"],"yoast_head":"<!-- This site is optimized with the Yoast SEO plugin v16.7 - https:\/\/yoast.com\/wordpress\/plugins\/seo\/ -->\n<title>Espiritualidade que acolhe e transforma: Residentes do Programa de Aten\u00e7\u00e3o Oncol\u00f3gica do Hospital Rio Doce promovem encontros de cuidado integral e humanizado - Hospital Rio Doce<\/title>\n<meta name=\"robots\" content=\"index, follow, max-snippet:-1, max-image-preview:large, max-video-preview:-1\" \/>\n<link rel=\"canonical\" href=\"https:\/\/www.hospitalriodoce.com.br\/br\/index.php\/2025\/10\/29\/espiritualidade-que-acolhe-e-transforma-residentes-do-programa-de-atencao-oncologica-do-hospital-rio-doce-promovem-encontros-de-cuidado-integral-e-humanizado\/\" \/>\n<meta property=\"og:locale\" content=\"pt_BR\" \/>\n<meta property=\"og:type\" content=\"article\" \/>\n<meta property=\"og:title\" content=\"Espiritualidade que acolhe e transforma: Residentes do Programa de Aten\u00e7\u00e3o Oncol\u00f3gica do Hospital Rio Doce promovem encontros de cuidado integral e humanizado - Hospital Rio Doce\" \/>\n<meta property=\"og:description\" content=\"Espiritualidade que acolhe e transforma! Os residentes (R2) do Programa de Aten\u00e7\u00e3o Oncol\u00f3gica do Hospital Rio Doce promoveram dois momentos especiais com o tema Espiritualidade, refor\u00e7ando a import\u00e2ncia do cuidado integral e humanizado. O primeiro foi o Semin\u00e1rio \u201cMedidas pr\u00e1ticas para a assist\u00eancia espiritual em cuidados paliativos\u201d, apresentado pelos residentes R2 de Farm\u00e1cia, Nutri\u00e7\u00e3o, Fisioterapia [&hellip;]\" \/>\n<meta property=\"og:url\" content=\"https:\/\/www.hospitalriodoce.com.br\/br\/index.php\/2025\/10\/29\/espiritualidade-que-acolhe-e-transforma-residentes-do-programa-de-atencao-oncologica-do-hospital-rio-doce-promovem-encontros-de-cuidado-integral-e-humanizado\/\" \/>\n<meta property=\"og:site_name\" content=\"Hospital Rio Doce\" \/>\n<meta property=\"article:publisher\" content=\"https:\/\/fb.me\/hospitalriodoce\" \/>\n<meta property=\"article:published_time\" content=\"2025-10-29T14:27:07+00:00\" \/>\n<meta property=\"article:modified_time\" content=\"2025-10-29T14:27:08+00:00\" \/>\n<meta property=\"og:image\" content=\"https:\/\/www.hospitalriodoce.com.br\/br\/wp-content\/uploads\/2025\/10\/05-1.png\" \/>\n\t<meta property=\"og:image:width\" content=\"1080\" \/>\n\t<meta property=\"og:image:height\" content=\"1350\" \/>\n<meta name=\"twitter:card\" content=\"summary_large_image\" \/>\n<meta name=\"twitter:label1\" content=\"Escrito por\" \/>\n\t<meta name=\"twitter:data1\" content=\"hospitalriodoce\" \/>\n\t<meta name=\"twitter:label2\" content=\"Est. tempo de leitura\" \/>\n\t<meta name=\"twitter:data2\" content=\"1 minuto\" \/>\n<script type=\"application\/ld+json\" class=\"yoast-schema-graph\">{\"@context\":\"https:\/\/schema.org\",\"@graph\":[{\"@type\":\"Organization\",\"@id\":\"https:\/\/www.hospitalriodoce.com.br\/br\/#organization\",\"name\":\"Hospital Rio Doce\",\"url\":\"https:\/\/www.hospitalriodoce.com.br\/br\/\",\"sameAs\":[\"https:\/\/fb.me\/hospitalriodoce\",\"https:\/\/instagram.com\/hospitalriodoce\"],\"logo\":{\"@type\":\"ImageObject\",\"@id\":\"https:\/\/www.hospitalriodoce.com.br\/br\/#logo\",\"inLanguage\":\"pt-BR\",\"url\":\"http:\/\/www.hospitalriodoce.com.br\/br\/wp-content\/uploads\/2020\/08\/Hospital-Rio-Doce-Logo.png\",\"contentUrl\":\"http:\/\/www.hospitalriodoce.com.br\/br\/wp-content\/uploads\/2020\/08\/Hospital-Rio-Doce-Logo.png\",\"width\":1558,\"height\":590,\"caption\":\"Hospital Rio Doce\"},\"image\":{\"@id\":\"https:\/\/www.hospitalriodoce.com.br\/br\/#logo\"}},{\"@type\":\"WebSite\",\"@id\":\"https:\/\/www.hospitalriodoce.com.br\/br\/#website\",\"url\":\"https:\/\/www.hospitalriodoce.com.br\/br\/\",\"name\":\"Hospital Rio Doce\",\"description\":\"O Hospital Rio Doce \\u00e9 uma institui\\u00e7\\u00e3o filantr\\u00f3pica mantida pela Funda\\u00e7\\u00e3o Beneficente Rio Doce.\",\"publisher\":{\"@id\":\"https:\/\/www.hospitalriodoce.com.br\/br\/#organization\"},\"potentialAction\":[{\"@type\":\"SearchAction\",\"target\":{\"@type\":\"EntryPoint\",\"urlTemplate\":\"https:\/\/www.hospitalriodoce.com.br\/br\/?s={search_term_string}\"},\"query-input\":\"required name=search_term_string\"}],\"inLanguage\":\"pt-BR\"},{\"@type\":\"ImageObject\",\"@id\":\"https:\/\/www.hospitalriodoce.com.br\/br\/index.php\/2025\/10\/29\/espiritualidade-que-acolhe-e-transforma-residentes-do-programa-de-atencao-oncologica-do-hospital-rio-doce-promovem-encontros-de-cuidado-integral-e-humanizado\/#primaryimage\",\"inLanguage\":\"pt-BR\",\"url\":\"https:\/\/www.hospitalriodoce.com.br\/br\/wp-content\/uploads\/2025\/10\/05-1.png\",\"contentUrl\":\"https:\/\/www.hospitalriodoce.com.br\/br\/wp-content\/uploads\/2025\/10\/05-1.png\",\"width\":1080,\"height\":1350},{\"@type\":\"WebPage\",\"@id\":\"https:\/\/www.hospitalriodoce.com.br\/br\/index.php\/2025\/10\/29\/espiritualidade-que-acolhe-e-transforma-residentes-do-programa-de-atencao-oncologica-do-hospital-rio-doce-promovem-encontros-de-cuidado-integral-e-humanizado\/#webpage\",\"url\":\"https:\/\/www.hospitalriodoce.com.br\/br\/index.php\/2025\/10\/29\/espiritualidade-que-acolhe-e-transforma-residentes-do-programa-de-atencao-oncologica-do-hospital-rio-doce-promovem-encontros-de-cuidado-integral-e-humanizado\/\",\"name\":\"Espiritualidade que acolhe e transforma: Residentes do Programa de Aten\\u00e7\\u00e3o Oncol\\u00f3gica do Hospital Rio Doce promovem encontros de cuidado integral e humanizado - Hospital Rio Doce\",\"isPartOf\":{\"@id\":\"https:\/\/www.hospitalriodoce.com.br\/br\/#website\"},\"primaryImageOfPage\":{\"@id\":\"https:\/\/www.hospitalriodoce.com.br\/br\/index.php\/2025\/10\/29\/espiritualidade-que-acolhe-e-transforma-residentes-do-programa-de-atencao-oncologica-do-hospital-rio-doce-promovem-encontros-de-cuidado-integral-e-humanizado\/#primaryimage\"},\"datePublished\":\"2025-10-29T14:27:07+00:00\",\"dateModified\":\"2025-10-29T14:27:08+00:00\",\"breadcrumb\":{\"@id\":\"https:\/\/www.hospitalriodoce.com.br\/br\/index.php\/2025\/10\/29\/espiritualidade-que-acolhe-e-transforma-residentes-do-programa-de-atencao-oncologica-do-hospital-rio-doce-promovem-encontros-de-cuidado-integral-e-humanizado\/#breadcrumb\"},\"inLanguage\":\"pt-BR\",\"potentialAction\":[{\"@type\":\"ReadAction\",\"target\":[\"https:\/\/www.hospitalriodoce.com.br\/br\/index.php\/2025\/10\/29\/espiritualidade-que-acolhe-e-transforma-residentes-do-programa-de-atencao-oncologica-do-hospital-rio-doce-promovem-encontros-de-cuidado-integral-e-humanizado\/\"]}]},{\"@type\":\"BreadcrumbList\",\"@id\":\"https:\/\/www.hospitalriodoce.com.br\/br\/index.php\/2025\/10\/29\/espiritualidade-que-acolhe-e-transforma-residentes-do-programa-de-atencao-oncologica-do-hospital-rio-doce-promovem-encontros-de-cuidado-integral-e-humanizado\/#breadcrumb\",\"itemListElement\":[{\"@type\":\"ListItem\",\"position\":1,\"name\":\"Home\",\"item\":\"https:\/\/www.hospitalriodoce.com.br\/br\/\"},{\"@type\":\"ListItem\",\"position\":2,\"name\":\"Espiritualidade que acolhe e transforma: Residentes do Programa de Aten\\u00e7\\u00e3o Oncol\\u00f3gica do Hospital Rio Doce promovem encontros de cuidado integral e humanizado\"}]},{\"@type\":\"Article\",\"@id\":\"https:\/\/www.hospitalriodoce.com.br\/br\/index.php\/2025\/10\/29\/espiritualidade-que-acolhe-e-transforma-residentes-do-programa-de-atencao-oncologica-do-hospital-rio-doce-promovem-encontros-de-cuidado-integral-e-humanizado\/#article\",\"isPartOf\":{\"@id\":\"https:\/\/www.hospitalriodoce.com.br\/br\/index.php\/2025\/10\/29\/espiritualidade-que-acolhe-e-transforma-residentes-do-programa-de-atencao-oncologica-do-hospital-rio-doce-promovem-encontros-de-cuidado-integral-e-humanizado\/#webpage\"},\"author\":{\"@id\":\"https:\/\/www.hospitalriodoce.com.br\/br\/#\/schema\/person\/fceb3e09053e5a2a4d79f7999ee34aee\"},\"headline\":\"Espiritualidade que acolhe e transforma: Residentes do Programa de Aten\\u00e7\\u00e3o Oncol\\u00f3gica do Hospital Rio Doce promovem encontros de cuidado integral e humanizado\",\"datePublished\":\"2025-10-29T14:27:07+00:00\",\"dateModified\":\"2025-10-29T14:27:08+00:00\",\"mainEntityOfPage\":{\"@id\":\"https:\/\/www.hospitalriodoce.com.br\/br\/index.php\/2025\/10\/29\/espiritualidade-que-acolhe-e-transforma-residentes-do-programa-de-atencao-oncologica-do-hospital-rio-doce-promovem-encontros-de-cuidado-integral-e-humanizado\/#webpage\"},\"wordCount\":257,\"commentCount\":0,\"publisher\":{\"@id\":\"https:\/\/www.hospitalriodoce.com.br\/br\/#organization\"},\"image\":{\"@id\":\"https:\/\/www.hospitalriodoce.com.br\/br\/index.php\/2025\/10\/29\/espiritualidade-que-acolhe-e-transforma-residentes-do-programa-de-atencao-oncologica-do-hospital-rio-doce-promovem-encontros-de-cuidado-integral-e-humanizado\/#primaryimage\"},\"thumbnailUrl\":\"https:\/\/www.hospitalriodoce.com.br\/br\/wp-content\/uploads\/2025\/10\/05-1.png\",\"articleSection\":[\"Not\\u00edcias\"],\"inLanguage\":\"pt-BR\",\"potentialAction\":[{\"@type\":\"CommentAction\",\"name\":\"Comment\",\"target\":[\"https:\/\/www.hospitalriodoce.com.br\/br\/index.php\/2025\/10\/29\/espiritualidade-que-acolhe-e-transforma-residentes-do-programa-de-atencao-oncologica-do-hospital-rio-doce-promovem-encontros-de-cuidado-integral-e-humanizado\/#respond\"]}]},{\"@type\":\"Person\",\"@id\":\"https:\/\/www.hospitalriodoce.com.br\/br\/#\/schema\/person\/fceb3e09053e5a2a4d79f7999ee34aee\",\"name\":\"hospitalriodoce\",\"image\":{\"@type\":\"ImageObject\",\"@id\":\"https:\/\/www.hospitalriodoce.com.br\/br\/#personlogo\",\"inLanguage\":\"pt-BR\",\"url\":\"https:\/\/secure.gravatar.com\/avatar\/34ea37b5f2212b479b52a2a66f589314?s=96&d=mm&r=g\",\"contentUrl\":\"https:\/\/secure.gravatar.com\/avatar\/34ea37b5f2212b479b52a2a66f589314?s=96&d=mm&r=g\",\"caption\":\"hospitalriodoce\"},\"sameAs\":[\"http:\/\/www.hospitalriodoce.com.br\/br\"]}]}<\/script>\n<!-- \/ Yoast SEO plugin. -->","yoast_head_json":{"title":"Espiritualidade que acolhe e transforma: Residentes do Programa de Aten\u00e7\u00e3o Oncol\u00f3gica do Hospital Rio Doce promovem encontros de cuidado integral e humanizado - Hospital Rio Doce","robots":{"index":"index","follow":"follow","max-snippet":"max-snippet:-1","max-image-preview":"max-image-preview:large","max-video-preview":"max-video-preview:-1"},"canonical":"https:\/\/www.hospitalriodoce.com.br\/br\/index.php\/2025\/10\/29\/espiritualidade-que-acolhe-e-transforma-residentes-do-programa-de-atencao-oncologica-do-hospital-rio-doce-promovem-encontros-de-cuidado-integral-e-humanizado\/","og_locale":"pt_BR","og_type":"article","og_title":"Espiritualidade que acolhe e transforma: Residentes do Programa de Aten\u00e7\u00e3o Oncol\u00f3gica do Hospital Rio Doce promovem encontros de cuidado integral e humanizado - Hospital Rio Doce","og_description":"Espiritualidade que acolhe e transforma! Os residentes (R2) do Programa de Aten\u00e7\u00e3o Oncol\u00f3gica do Hospital Rio Doce promoveram dois momentos especiais com o tema Espiritualidade, refor\u00e7ando a import\u00e2ncia do cuidado integral e humanizado. O primeiro foi o Semin\u00e1rio \u201cMedidas pr\u00e1ticas para a assist\u00eancia espiritual em cuidados paliativos\u201d, apresentado pelos residentes R2 de Farm\u00e1cia, Nutri\u00e7\u00e3o, Fisioterapia [&hellip;]","og_url":"https:\/\/www.hospitalriodoce.com.br\/br\/index.php\/2025\/10\/29\/espiritualidade-que-acolhe-e-transforma-residentes-do-programa-de-atencao-oncologica-do-hospital-rio-doce-promovem-encontros-de-cuidado-integral-e-humanizado\/","og_site_name":"Hospital Rio Doce","article_publisher":"https:\/\/fb.me\/hospitalriodoce","article_published_time":"2025-10-29T14:27:07+00:00","article_modified_time":"2025-10-29T14:27:08+00:00","og_image":[{"width":1080,"height":1350,"filesize":535084,"url":"https:\/\/www.hospitalriodoce.com.br\/br\/wp-content\/uploads\/2025\/10\/05-1.png","path":"\/home\/h\/hospitalriodoce\/www\/br\/wp-content\/uploads\/2025\/10\/05-1.png","size":"full","id":4527,"alt":"","pixels":1458000,"type":"image\/png"}],"twitter_card":"summary_large_image","twitter_misc":{"Escrito por":"hospitalriodoce","Est. tempo de leitura":"1 minuto"},"schema":{"@context":"https:\/\/schema.org","@graph":[{"@type":"Organization","@id":"https:\/\/www.hospitalriodoce.com.br\/br\/#organization","name":"Hospital Rio Doce","url":"https:\/\/www.hospitalriodoce.com.br\/br\/","sameAs":["https:\/\/fb.me\/hospitalriodoce","https:\/\/instagram.com\/hospitalriodoce"],"logo":{"@type":"ImageObject","@id":"https:\/\/www.hospitalriodoce.com.br\/br\/#logo","inLanguage":"pt-BR","url":"http:\/\/www.hospitalriodoce.com.br\/br\/wp-content\/uploads\/2020\/08\/Hospital-Rio-Doce-Logo.png","contentUrl":"http:\/\/www.hospitalriodoce.com.br\/br\/wp-content\/uploads\/2020\/08\/Hospital-Rio-Doce-Logo.png","width":1558,"height":590,"caption":"Hospital Rio Doce"},"image":{"@id":"https:\/\/www.hospitalriodoce.com.br\/br\/#logo"}},{"@type":"WebSite","@id":"https:\/\/www.hospitalriodoce.com.br\/br\/#website","url":"https:\/\/www.hospitalriodoce.com.br\/br\/","name":"Hospital Rio Doce","description":"O Hospital Rio Doce \u00e9 uma institui\u00e7\u00e3o filantr\u00f3pica mantida pela Funda\u00e7\u00e3o Beneficente Rio Doce.","publisher":{"@id":"https:\/\/www.hospitalriodoce.com.br\/br\/#organization"},"potentialAction":[{"@type":"SearchAction","target":{"@type":"EntryPoint","urlTemplate":"https:\/\/www.hospitalriodoce.com.br\/br\/?s={search_term_string}"},"query-input":"required name=search_term_string"}],"inLanguage":"pt-BR"},{"@type":"ImageObject","@id":"https:\/\/www.hospitalriodoce.com.br\/br\/index.php\/2025\/10\/29\/espiritualidade-que-acolhe-e-transforma-residentes-do-programa-de-atencao-oncologica-do-hospital-rio-doce-promovem-encontros-de-cuidado-integral-e-humanizado\/#primaryimage","inLanguage":"pt-BR","url":"https:\/\/www.hospitalriodoce.com.br\/br\/wp-content\/uploads\/2025\/10\/05-1.png","contentUrl":"https:\/\/www.hospitalriodoce.com.br\/br\/wp-content\/uploads\/2025\/10\/05-1.png","width":1080,"height":1350},{"@type":"WebPage","@id":"https:\/\/www.hospitalriodoce.com.br\/br\/index.php\/2025\/10\/29\/espiritualidade-que-acolhe-e-transforma-residentes-do-programa-de-atencao-oncologica-do-hospital-rio-doce-promovem-encontros-de-cuidado-integral-e-humanizado\/#webpage","url":"https:\/\/www.hospitalriodoce.com.br\/br\/index.php\/2025\/10\/29\/espiritualidade-que-acolhe-e-transforma-residentes-do-programa-de-atencao-oncologica-do-hospital-rio-doce-promovem-encontros-de-cuidado-integral-e-humanizado\/","name":"Espiritualidade que acolhe e transforma: Residentes do Programa de Aten\u00e7\u00e3o Oncol\u00f3gica do Hospital Rio Doce promovem encontros de cuidado integral e humanizado - Hospital Rio Doce","isPartOf":{"@id":"https:\/\/www.hospitalriodoce.com.br\/br\/#website"},"primaryImageOfPage":{"@id":"https:\/\/www.hospitalriodoce.com.br\/br\/index.php\/2025\/10\/29\/espiritualidade-que-acolhe-e-transforma-residentes-do-programa-de-atencao-oncologica-do-hospital-rio-doce-promovem-encontros-de-cuidado-integral-e-humanizado\/#primaryimage"},"datePublished":"2025-10-29T14:27:07+00:00","dateModified":"2025-10-29T14:27:08+00:00","breadcrumb":{"@id":"https:\/\/www.hospitalriodoce.com.br\/br\/index.php\/2025\/10\/29\/espiritualidade-que-acolhe-e-transforma-residentes-do-programa-de-atencao-oncologica-do-hospital-rio-doce-promovem-encontros-de-cuidado-integral-e-humanizado\/#breadcrumb"},"inLanguage":"pt-BR","potentialAction":[{"@type":"ReadAction","target":["https:\/\/www.hospitalriodoce.com.br\/br\/index.php\/2025\/10\/29\/espiritualidade-que-acolhe-e-transforma-residentes-do-programa-de-atencao-oncologica-do-hospital-rio-doce-promovem-encontros-de-cuidado-integral-e-humanizado\/"]}]},{"@type":"BreadcrumbList","@id":"https:\/\/www.hospitalriodoce.com.br\/br\/index.php\/2025\/10\/29\/espiritualidade-que-acolhe-e-transforma-residentes-do-programa-de-atencao-oncologica-do-hospital-rio-doce-promovem-encontros-de-cuidado-integral-e-humanizado\/#breadcrumb","itemListElement":[{"@type":"ListItem","position":1,"name":"Home","item":"https:\/\/www.hospitalriodoce.com.br\/br\/"},{"@type":"ListItem","position":2,"name":"Espiritualidade que acolhe e transforma: Residentes do Programa de Aten\u00e7\u00e3o Oncol\u00f3gica do Hospital Rio Doce promovem encontros de cuidado integral e humanizado"}]},{"@type":"Article","@id":"https:\/\/www.hospitalriodoce.com.br\/br\/index.php\/2025\/10\/29\/espiritualidade-que-acolhe-e-transforma-residentes-do-programa-de-atencao-oncologica-do-hospital-rio-doce-promovem-encontros-de-cuidado-integral-e-humanizado\/#article","isPartOf":{"@id":"https:\/\/www.hospitalriodoce.com.br\/br\/index.php\/2025\/10\/29\/espiritualidade-que-acolhe-e-transforma-residentes-do-programa-de-atencao-oncologica-do-hospital-rio-doce-promovem-encontros-de-cuidado-integral-e-humanizado\/#webpage"},"author":{"@id":"https:\/\/www.hospitalriodoce.com.br\/br\/#\/schema\/person\/fceb3e09053e5a2a4d79f7999ee34aee"},"headline":"Espiritualidade que acolhe e transforma: Residentes do Programa de Aten\u00e7\u00e3o Oncol\u00f3gica do Hospital Rio Doce promovem encontros de cuidado integral e humanizado","datePublished":"2025-10-29T14:27:07+00:00","dateModified":"2025-10-29T14:27:08+00:00","mainEntityOfPage":{"@id":"https:\/\/www.hospitalriodoce.com.br\/br\/index.php\/2025\/10\/29\/espiritualidade-que-acolhe-e-transforma-residentes-do-programa-de-atencao-oncologica-do-hospital-rio-doce-promovem-encontros-de-cuidado-integral-e-humanizado\/#webpage"},"wordCount":257,"commentCount":0,"publisher":{"@id":"https:\/\/www.hospitalriodoce.com.br\/br\/#organization"},"image":{"@id":"https:\/\/www.hospitalriodoce.com.br\/br\/index.php\/2025\/10\/29\/espiritualidade-que-acolhe-e-transforma-residentes-do-programa-de-atencao-oncologica-do-hospital-rio-doce-promovem-encontros-de-cuidado-integral-e-humanizado\/#primaryimage"},"thumbnailUrl":"https:\/\/www.hospitalriodoce.com.br\/br\/wp-content\/uploads\/2025\/10\/05-1.png","articleSection":["Not\u00edcias"],"inLanguage":"pt-BR","potentialAction":[{"@type":"CommentAction","name":"Comment","target":["https:\/\/www.hospitalriodoce.com.br\/br\/index.php\/2025\/10\/29\/espiritualidade-que-acolhe-e-transforma-residentes-do-programa-de-atencao-oncologica-do-hospital-rio-doce-promovem-encontros-de-cuidado-integral-e-humanizado\/#respond"]}]},{"@type":"Person","@id":"https:\/\/www.hospitalriodoce.com.br\/br\/#\/schema\/person\/fceb3e09053e5a2a4d79f7999ee34aee","name":"hospitalriodoce","image":{"@type":"ImageObject","@id":"https:\/\/www.hospitalriodoce.com.br\/br\/#personlogo","inLanguage":"pt-BR","url":"https:\/\/secure.gravatar.com\/avatar\/34ea37b5f2212b479b52a2a66f589314?s=96&d=mm&r=g","contentUrl":"https:\/\/secure.gravatar.com\/avatar\/34ea37b5f2212b479b52a2a66f589314?s=96&d=mm&r=g","caption":"hospitalriodoce"},"sameAs":["http:\/\/www.hospitalriodoce.com.br\/br"]}]}},"_links":{"self":[{"href":"https:\/\/www.hospitalriodoce.com.br\/br\/index.php\/wp-json\/wp\/v2\/posts\/4526"}],"collection":[{"href":"https:\/\/www.hospitalriodoce.com.br\/br\/index.php\/wp-json\/wp\/v2\/posts"}],"about":[{"href":"https:\/\/www.hospitalriodoce.com.br\/br\/index.php\/wp-json\/wp\/v2\/types\/post"}],"author":[{"embeddable":true,"href":"https:\/\/www.hospitalriodoce.com.br\/br\/index.php\/wp-json\/wp\/v2\/users\/1"}],"replies":[{"embeddable":true,"href":"https:\/\/www.hospitalriodoce.com.br\/br\/index.php\/wp-json\/wp\/v2\/comments?post=4526"}],"version-history":[{"count":1,"href":"https:\/\/www.hospitalriodoce.com.br\/br\/index.php\/wp-json\/wp\/v2\/posts\/4526\/revisions"}],"predecessor-version":[{"id":4528,"href":"https:\/\/www.hospitalriodoce.com.br\/br\/index.php\/wp-json\/wp\/v2\/posts\/4526\/revisions\/4528"}],"wp:featuredmedia":[{"embeddable":true,"href":"https:\/\/www.hospitalriodoce.com.br\/br\/index.php\/wp-json\/wp\/v2\/media\/4527"}],"wp:attachment":[{"href":"https:\/\/www.hospitalriodoce.com.br\/br\/index.php\/wp-json\/wp\/v2\/media?parent=4526"}],"wp:term":[{"taxonomy":"category","embeddable":true,"href":"https:\/\/www.hospitalriodoce.com.br\/br\/index.php\/wp-json\/wp\/v2\/categories?post=4526"},{"taxonomy":"post_tag","embeddable":true,"href":"https:\/\/www.hospitalriodoce.com.br\/br\/index.php\/wp-json\/wp\/v2\/tags?post=4526"}],"curies":[{"name":"wp","href":"https:\/\/api.w.org\/{rel}","templated":true}]}}