{"id":4551,"date":"2025-11-21T17:30:01","date_gmt":"2025-11-21T20:30:01","guid":{"rendered":"https:\/\/www.hospitalriodoce.com.br\/br\/?p=4551"},"modified":"2025-11-21T17:30:02","modified_gmt":"2025-11-21T20:30:02","slug":"residencia-multiprofissional-em-saude-r1-apresentam-projetos-de-conclusao-e-fortalecem-a-integracao-entre-teoria-e-pratica","status":"publish","type":"post","link":"https:\/\/www.hospitalriodoce.com.br\/br\/index.php\/2025\/11\/21\/residencia-multiprofissional-em-saude-r1-apresentam-projetos-de-conclusao-e-fortalecem-a-integracao-entre-teoria-e-pratica\/","title":{"rendered":"Resid\u00eancia Multiprofissional em Sa\u00fade: R1 Apresentam Projetos de Conclus\u00e3o e Fortalecem a Integra\u00e7\u00e3o entre Teoria e Pr\u00e1tica"},"content":{"rendered":"\n<p>Forma\u00e7\u00e3o que integra teoria, pr\u00e1tica e cuidado! \ud83d\udc99<\/p>\n\n\n\n<p>Em outubro, os residentes R1 do Programa de Resid\u00eancia Multiprofissional em Sa\u00fade do Hospital Rio Doce realizaram a apresenta\u00e7\u00e3o dos projetos de Trabalho de Conclus\u00e3o de Resid\u00eancia (TCR).<\/p>\n\n\n\n<p>O TCR fortalece a integra\u00e7\u00e3o entre teoria e pr\u00e1tica, incentiva a pesquisa aplicada ao cuidado em sa\u00fade e contribui para o aperfei\u00e7oamento cont\u00ednuo dos profissionais, ampliando o impacto da resid\u00eancia na qualidade da assist\u00eancia oferecida \u00e0 comunidade.<\/p>\n\n\n\n<p>O TCR \u00e9 uma atividade obrigat\u00f3ria do Programa de Resid\u00eancia Multiprofissional em Sa\u00fade do Hospital Rio Doce. Previsto no Projeto Pedag\u00f3gico do Programa, representa o trabalho final de p\u00f3s-gradua\u00e7\u00e3o Lato sensu, desenvolvido individualmente por cada residente.<\/p>\n\n\n\n<p>Parab\u00e9ns aos R1 por essa etapa importante da forma\u00e7\u00e3o e pelo compromisso com um cuidado cada vez mais qualificado. \ud83d\udc4f\ud83c\udffc<\/p>\n\n\n\n<p>Paola Nali (Assessora de Comunica\u00e7\u00e3o)<\/p>\n","protected":false},"excerpt":{"rendered":"<p>Forma\u00e7\u00e3o que integra teoria, pr\u00e1tica e cuidado! \ud83d\udc99 Em outubro, os residentes R1 do Programa de Resid\u00eancia Multiprofissional em Sa\u00fade do Hospital Rio Doce realizaram a apresenta\u00e7\u00e3o dos projetos de Trabalho de Conclus\u00e3o de Resid\u00eancia (TCR). O TCR fortalece a integra\u00e7\u00e3o entre teoria e pr\u00e1tica, incentiva a pesquisa aplicada ao cuidado em sa\u00fade e contribui [&hellip;]<\/p>\n","protected":false},"author":1,"featured_media":4552,"comment_status":"open","ping_status":"open","sticky":false,"template":"","format":"standard","meta":{"_monsterinsights_skip_tracking":false,"_monsterinsights_sitenote_active":false,"_monsterinsights_sitenote_note":"","_monsterinsights_sitenote_category":0,"footnotes":""},"categories":[1],"tags":[],"class_list":["post-4551","post","type-post","status-publish","format-standard","has-post-thumbnail","hentry","category-noticias"],"yoast_head":"<!-- This site is optimized with the Yoast SEO plugin v16.7 - https:\/\/yoast.com\/wordpress\/plugins\/seo\/ -->\n<title>Resid\u00eancia Multiprofissional em Sa\u00fade: R1 Apresentam Projetos de Conclus\u00e3o e Fortalecem a Integra\u00e7\u00e3o entre Teoria e Pr\u00e1tica - Hospital Rio Doce<\/title>\n<meta name=\"robots\" content=\"index, follow, max-snippet:-1, max-image-preview:large, max-video-preview:-1\" \/>\n<link rel=\"canonical\" href=\"https:\/\/www.hospitalriodoce.com.br\/br\/index.php\/2025\/11\/21\/residencia-multiprofissional-em-saude-r1-apresentam-projetos-de-conclusao-e-fortalecem-a-integracao-entre-teoria-e-pratica\/\" \/>\n<meta property=\"og:locale\" content=\"pt_BR\" \/>\n<meta property=\"og:type\" content=\"article\" \/>\n<meta property=\"og:title\" content=\"Resid\u00eancia Multiprofissional em Sa\u00fade: R1 Apresentam Projetos de Conclus\u00e3o e Fortalecem a Integra\u00e7\u00e3o entre Teoria e Pr\u00e1tica - Hospital Rio Doce\" \/>\n<meta property=\"og:description\" content=\"Forma\u00e7\u00e3o que integra teoria, pr\u00e1tica e cuidado! \ud83d\udc99 Em outubro, os residentes R1 do Programa de Resid\u00eancia Multiprofissional em Sa\u00fade do Hospital Rio Doce realizaram a apresenta\u00e7\u00e3o dos projetos de Trabalho de Conclus\u00e3o de Resid\u00eancia (TCR). O TCR fortalece a integra\u00e7\u00e3o entre teoria e pr\u00e1tica, incentiva a pesquisa aplicada ao cuidado em sa\u00fade e contribui [&hellip;]\" \/>\n<meta property=\"og:url\" content=\"https:\/\/www.hospitalriodoce.com.br\/br\/index.php\/2025\/11\/21\/residencia-multiprofissional-em-saude-r1-apresentam-projetos-de-conclusao-e-fortalecem-a-integracao-entre-teoria-e-pratica\/\" \/>\n<meta property=\"og:site_name\" content=\"Hospital Rio Doce\" \/>\n<meta property=\"article:publisher\" content=\"https:\/\/fb.me\/hospitalriodoce\" \/>\n<meta property=\"article:published_time\" content=\"2025-11-21T20:30:01+00:00\" \/>\n<meta property=\"article:modified_time\" content=\"2025-11-21T20:30:02+00:00\" \/>\n<meta property=\"og:image\" content=\"https:\/\/www.hospitalriodoce.com.br\/br\/wp-content\/uploads\/2025\/11\/WhatsApp-Image-2025-11-21-at-11.58.44.jpeg\" \/>\n\t<meta property=\"og:image:width\" content=\"1080\" \/>\n\t<meta property=\"og:image:height\" content=\"1350\" \/>\n<meta name=\"twitter:card\" content=\"summary_large_image\" \/>\n<meta name=\"twitter:label1\" content=\"Escrito por\" \/>\n\t<meta name=\"twitter:data1\" content=\"hospitalriodoce\" \/>\n\t<meta name=\"twitter:label2\" content=\"Est. tempo de leitura\" \/>\n\t<meta name=\"twitter:data2\" content=\"1 minuto\" \/>\n<script type=\"application\/ld+json\" class=\"yoast-schema-graph\">{\"@context\":\"https:\/\/schema.org\",\"@graph\":[{\"@type\":\"Organization\",\"@id\":\"https:\/\/www.hospitalriodoce.com.br\/br\/#organization\",\"name\":\"Hospital Rio Doce\",\"url\":\"https:\/\/www.hospitalriodoce.com.br\/br\/\",\"sameAs\":[\"https:\/\/fb.me\/hospitalriodoce\",\"https:\/\/instagram.com\/hospitalriodoce\"],\"logo\":{\"@type\":\"ImageObject\",\"@id\":\"https:\/\/www.hospitalriodoce.com.br\/br\/#logo\",\"inLanguage\":\"pt-BR\",\"url\":\"http:\/\/www.hospitalriodoce.com.br\/br\/wp-content\/uploads\/2020\/08\/Hospital-Rio-Doce-Logo.png\",\"contentUrl\":\"http:\/\/www.hospitalriodoce.com.br\/br\/wp-content\/uploads\/2020\/08\/Hospital-Rio-Doce-Logo.png\",\"width\":1558,\"height\":590,\"caption\":\"Hospital Rio Doce\"},\"image\":{\"@id\":\"https:\/\/www.hospitalriodoce.com.br\/br\/#logo\"}},{\"@type\":\"WebSite\",\"@id\":\"https:\/\/www.hospitalriodoce.com.br\/br\/#website\",\"url\":\"https:\/\/www.hospitalriodoce.com.br\/br\/\",\"name\":\"Hospital Rio Doce\",\"description\":\"O Hospital Rio Doce \\u00e9 uma institui\\u00e7\\u00e3o filantr\\u00f3pica mantida pela Funda\\u00e7\\u00e3o Beneficente Rio Doce.\",\"publisher\":{\"@id\":\"https:\/\/www.hospitalriodoce.com.br\/br\/#organization\"},\"potentialAction\":[{\"@type\":\"SearchAction\",\"target\":{\"@type\":\"EntryPoint\",\"urlTemplate\":\"https:\/\/www.hospitalriodoce.com.br\/br\/?s={search_term_string}\"},\"query-input\":\"required name=search_term_string\"}],\"inLanguage\":\"pt-BR\"},{\"@type\":\"ImageObject\",\"@id\":\"https:\/\/www.hospitalriodoce.com.br\/br\/index.php\/2025\/11\/21\/residencia-multiprofissional-em-saude-r1-apresentam-projetos-de-conclusao-e-fortalecem-a-integracao-entre-teoria-e-pratica\/#primaryimage\",\"inLanguage\":\"pt-BR\",\"url\":\"https:\/\/www.hospitalriodoce.com.br\/br\/wp-content\/uploads\/2025\/11\/WhatsApp-Image-2025-11-21-at-11.58.44.jpeg\",\"contentUrl\":\"https:\/\/www.hospitalriodoce.com.br\/br\/wp-content\/uploads\/2025\/11\/WhatsApp-Image-2025-11-21-at-11.58.44.jpeg\",\"width\":1080,\"height\":1350},{\"@type\":\"WebPage\",\"@id\":\"https:\/\/www.hospitalriodoce.com.br\/br\/index.php\/2025\/11\/21\/residencia-multiprofissional-em-saude-r1-apresentam-projetos-de-conclusao-e-fortalecem-a-integracao-entre-teoria-e-pratica\/#webpage\",\"url\":\"https:\/\/www.hospitalriodoce.com.br\/br\/index.php\/2025\/11\/21\/residencia-multiprofissional-em-saude-r1-apresentam-projetos-de-conclusao-e-fortalecem-a-integracao-entre-teoria-e-pratica\/\",\"name\":\"Resid\\u00eancia Multiprofissional em Sa\\u00fade: R1 Apresentam Projetos de Conclus\\u00e3o e Fortalecem a Integra\\u00e7\\u00e3o entre Teoria e Pr\\u00e1tica - Hospital Rio Doce\",\"isPartOf\":{\"@id\":\"https:\/\/www.hospitalriodoce.com.br\/br\/#website\"},\"primaryImageOfPage\":{\"@id\":\"https:\/\/www.hospitalriodoce.com.br\/br\/index.php\/2025\/11\/21\/residencia-multiprofissional-em-saude-r1-apresentam-projetos-de-conclusao-e-fortalecem-a-integracao-entre-teoria-e-pratica\/#primaryimage\"},\"datePublished\":\"2025-11-21T20:30:01+00:00\",\"dateModified\":\"2025-11-21T20:30:02+00:00\",\"breadcrumb\":{\"@id\":\"https:\/\/www.hospitalriodoce.com.br\/br\/index.php\/2025\/11\/21\/residencia-multiprofissional-em-saude-r1-apresentam-projetos-de-conclusao-e-fortalecem-a-integracao-entre-teoria-e-pratica\/#breadcrumb\"},\"inLanguage\":\"pt-BR\",\"potentialAction\":[{\"@type\":\"ReadAction\",\"target\":[\"https:\/\/www.hospitalriodoce.com.br\/br\/index.php\/2025\/11\/21\/residencia-multiprofissional-em-saude-r1-apresentam-projetos-de-conclusao-e-fortalecem-a-integracao-entre-teoria-e-pratica\/\"]}]},{\"@type\":\"BreadcrumbList\",\"@id\":\"https:\/\/www.hospitalriodoce.com.br\/br\/index.php\/2025\/11\/21\/residencia-multiprofissional-em-saude-r1-apresentam-projetos-de-conclusao-e-fortalecem-a-integracao-entre-teoria-e-pratica\/#breadcrumb\",\"itemListElement\":[{\"@type\":\"ListItem\",\"position\":1,\"name\":\"Home\",\"item\":\"https:\/\/www.hospitalriodoce.com.br\/br\/\"},{\"@type\":\"ListItem\",\"position\":2,\"name\":\"Resid\\u00eancia Multiprofissional em Sa\\u00fade: R1 Apresentam Projetos de Conclus\\u00e3o e Fortalecem a Integra\\u00e7\\u00e3o entre Teoria e Pr\\u00e1tica\"}]},{\"@type\":\"Article\",\"@id\":\"https:\/\/www.hospitalriodoce.com.br\/br\/index.php\/2025\/11\/21\/residencia-multiprofissional-em-saude-r1-apresentam-projetos-de-conclusao-e-fortalecem-a-integracao-entre-teoria-e-pratica\/#article\",\"isPartOf\":{\"@id\":\"https:\/\/www.hospitalriodoce.com.br\/br\/index.php\/2025\/11\/21\/residencia-multiprofissional-em-saude-r1-apresentam-projetos-de-conclusao-e-fortalecem-a-integracao-entre-teoria-e-pratica\/#webpage\"},\"author\":{\"@id\":\"https:\/\/www.hospitalriodoce.com.br\/br\/#\/schema\/person\/fceb3e09053e5a2a4d79f7999ee34aee\"},\"headline\":\"Resid\\u00eancia Multiprofissional em Sa\\u00fade: R1 Apresentam Projetos de Conclus\\u00e3o e Fortalecem a Integra\\u00e7\\u00e3o entre Teoria e Pr\\u00e1tica\",\"datePublished\":\"2025-11-21T20:30:01+00:00\",\"dateModified\":\"2025-11-21T20:30:02+00:00\",\"mainEntityOfPage\":{\"@id\":\"https:\/\/www.hospitalriodoce.com.br\/br\/index.php\/2025\/11\/21\/residencia-multiprofissional-em-saude-r1-apresentam-projetos-de-conclusao-e-fortalecem-a-integracao-entre-teoria-e-pratica\/#webpage\"},\"wordCount\":175,\"commentCount\":0,\"publisher\":{\"@id\":\"https:\/\/www.hospitalriodoce.com.br\/br\/#organization\"},\"image\":{\"@id\":\"https:\/\/www.hospitalriodoce.com.br\/br\/index.php\/2025\/11\/21\/residencia-multiprofissional-em-saude-r1-apresentam-projetos-de-conclusao-e-fortalecem-a-integracao-entre-teoria-e-pratica\/#primaryimage\"},\"thumbnailUrl\":\"https:\/\/www.hospitalriodoce.com.br\/br\/wp-content\/uploads\/2025\/11\/WhatsApp-Image-2025-11-21-at-11.58.44.jpeg\",\"articleSection\":[\"Not\\u00edcias\"],\"inLanguage\":\"pt-BR\",\"potentialAction\":[{\"@type\":\"CommentAction\",\"name\":\"Comment\",\"target\":[\"https:\/\/www.hospitalriodoce.com.br\/br\/index.php\/2025\/11\/21\/residencia-multiprofissional-em-saude-r1-apresentam-projetos-de-conclusao-e-fortalecem-a-integracao-entre-teoria-e-pratica\/#respond\"]}]},{\"@type\":\"Person\",\"@id\":\"https:\/\/www.hospitalriodoce.com.br\/br\/#\/schema\/person\/fceb3e09053e5a2a4d79f7999ee34aee\",\"name\":\"hospitalriodoce\",\"image\":{\"@type\":\"ImageObject\",\"@id\":\"https:\/\/www.hospitalriodoce.com.br\/br\/#personlogo\",\"inLanguage\":\"pt-BR\",\"url\":\"https:\/\/secure.gravatar.com\/avatar\/34ea37b5f2212b479b52a2a66f589314?s=96&d=mm&r=g\",\"contentUrl\":\"https:\/\/secure.gravatar.com\/avatar\/34ea37b5f2212b479b52a2a66f589314?s=96&d=mm&r=g\",\"caption\":\"hospitalriodoce\"},\"sameAs\":[\"http:\/\/www.hospitalriodoce.com.br\/br\"]}]}<\/script>\n<!-- \/ Yoast SEO plugin. -->","yoast_head_json":{"title":"Resid\u00eancia Multiprofissional em Sa\u00fade: R1 Apresentam Projetos de Conclus\u00e3o e Fortalecem a Integra\u00e7\u00e3o entre Teoria e Pr\u00e1tica - Hospital Rio Doce","robots":{"index":"index","follow":"follow","max-snippet":"max-snippet:-1","max-image-preview":"max-image-preview:large","max-video-preview":"max-video-preview:-1"},"canonical":"https:\/\/www.hospitalriodoce.com.br\/br\/index.php\/2025\/11\/21\/residencia-multiprofissional-em-saude-r1-apresentam-projetos-de-conclusao-e-fortalecem-a-integracao-entre-teoria-e-pratica\/","og_locale":"pt_BR","og_type":"article","og_title":"Resid\u00eancia Multiprofissional em Sa\u00fade: R1 Apresentam Projetos de Conclus\u00e3o e Fortalecem a Integra\u00e7\u00e3o entre Teoria e Pr\u00e1tica - Hospital Rio Doce","og_description":"Forma\u00e7\u00e3o que integra teoria, pr\u00e1tica e cuidado! \ud83d\udc99 Em outubro, os residentes R1 do Programa de Resid\u00eancia Multiprofissional em Sa\u00fade do Hospital Rio Doce realizaram a apresenta\u00e7\u00e3o dos projetos de Trabalho de Conclus\u00e3o de Resid\u00eancia (TCR). O TCR fortalece a integra\u00e7\u00e3o entre teoria e pr\u00e1tica, incentiva a pesquisa aplicada ao cuidado em sa\u00fade e contribui [&hellip;]","og_url":"https:\/\/www.hospitalriodoce.com.br\/br\/index.php\/2025\/11\/21\/residencia-multiprofissional-em-saude-r1-apresentam-projetos-de-conclusao-e-fortalecem-a-integracao-entre-teoria-e-pratica\/","og_site_name":"Hospital Rio Doce","article_publisher":"https:\/\/fb.me\/hospitalriodoce","article_published_time":"2025-11-21T20:30:01+00:00","article_modified_time":"2025-11-21T20:30:02+00:00","og_image":[{"width":1080,"height":1350,"filesize":336406,"url":"https:\/\/www.hospitalriodoce.com.br\/br\/wp-content\/uploads\/2025\/11\/WhatsApp-Image-2025-11-21-at-11.58.44.jpeg","path":"\/home\/h\/hospitalriodoce\/www\/br\/wp-content\/uploads\/2025\/11\/WhatsApp-Image-2025-11-21-at-11.58.44.jpeg","size":"full","id":4552,"alt":"","pixels":1458000,"type":"image\/jpeg"}],"twitter_card":"summary_large_image","twitter_misc":{"Escrito por":"hospitalriodoce","Est. tempo de leitura":"1 minuto"},"schema":{"@context":"https:\/\/schema.org","@graph":[{"@type":"Organization","@id":"https:\/\/www.hospitalriodoce.com.br\/br\/#organization","name":"Hospital Rio Doce","url":"https:\/\/www.hospitalriodoce.com.br\/br\/","sameAs":["https:\/\/fb.me\/hospitalriodoce","https:\/\/instagram.com\/hospitalriodoce"],"logo":{"@type":"ImageObject","@id":"https:\/\/www.hospitalriodoce.com.br\/br\/#logo","inLanguage":"pt-BR","url":"http:\/\/www.hospitalriodoce.com.br\/br\/wp-content\/uploads\/2020\/08\/Hospital-Rio-Doce-Logo.png","contentUrl":"http:\/\/www.hospitalriodoce.com.br\/br\/wp-content\/uploads\/2020\/08\/Hospital-Rio-Doce-Logo.png","width":1558,"height":590,"caption":"Hospital Rio Doce"},"image":{"@id":"https:\/\/www.hospitalriodoce.com.br\/br\/#logo"}},{"@type":"WebSite","@id":"https:\/\/www.hospitalriodoce.com.br\/br\/#website","url":"https:\/\/www.hospitalriodoce.com.br\/br\/","name":"Hospital Rio Doce","description":"O Hospital Rio Doce \u00e9 uma institui\u00e7\u00e3o filantr\u00f3pica mantida pela Funda\u00e7\u00e3o Beneficente Rio Doce.","publisher":{"@id":"https:\/\/www.hospitalriodoce.com.br\/br\/#organization"},"potentialAction":[{"@type":"SearchAction","target":{"@type":"EntryPoint","urlTemplate":"https:\/\/www.hospitalriodoce.com.br\/br\/?s={search_term_string}"},"query-input":"required name=search_term_string"}],"inLanguage":"pt-BR"},{"@type":"ImageObject","@id":"https:\/\/www.hospitalriodoce.com.br\/br\/index.php\/2025\/11\/21\/residencia-multiprofissional-em-saude-r1-apresentam-projetos-de-conclusao-e-fortalecem-a-integracao-entre-teoria-e-pratica\/#primaryimage","inLanguage":"pt-BR","url":"https:\/\/www.hospitalriodoce.com.br\/br\/wp-content\/uploads\/2025\/11\/WhatsApp-Image-2025-11-21-at-11.58.44.jpeg","contentUrl":"https:\/\/www.hospitalriodoce.com.br\/br\/wp-content\/uploads\/2025\/11\/WhatsApp-Image-2025-11-21-at-11.58.44.jpeg","width":1080,"height":1350},{"@type":"WebPage","@id":"https:\/\/www.hospitalriodoce.com.br\/br\/index.php\/2025\/11\/21\/residencia-multiprofissional-em-saude-r1-apresentam-projetos-de-conclusao-e-fortalecem-a-integracao-entre-teoria-e-pratica\/#webpage","url":"https:\/\/www.hospitalriodoce.com.br\/br\/index.php\/2025\/11\/21\/residencia-multiprofissional-em-saude-r1-apresentam-projetos-de-conclusao-e-fortalecem-a-integracao-entre-teoria-e-pratica\/","name":"Resid\u00eancia Multiprofissional em Sa\u00fade: R1 Apresentam Projetos de Conclus\u00e3o e Fortalecem a Integra\u00e7\u00e3o entre Teoria e Pr\u00e1tica - Hospital Rio Doce","isPartOf":{"@id":"https:\/\/www.hospitalriodoce.com.br\/br\/#website"},"primaryImageOfPage":{"@id":"https:\/\/www.hospitalriodoce.com.br\/br\/index.php\/2025\/11\/21\/residencia-multiprofissional-em-saude-r1-apresentam-projetos-de-conclusao-e-fortalecem-a-integracao-entre-teoria-e-pratica\/#primaryimage"},"datePublished":"2025-11-21T20:30:01+00:00","dateModified":"2025-11-21T20:30:02+00:00","breadcrumb":{"@id":"https:\/\/www.hospitalriodoce.com.br\/br\/index.php\/2025\/11\/21\/residencia-multiprofissional-em-saude-r1-apresentam-projetos-de-conclusao-e-fortalecem-a-integracao-entre-teoria-e-pratica\/#breadcrumb"},"inLanguage":"pt-BR","potentialAction":[{"@type":"ReadAction","target":["https:\/\/www.hospitalriodoce.com.br\/br\/index.php\/2025\/11\/21\/residencia-multiprofissional-em-saude-r1-apresentam-projetos-de-conclusao-e-fortalecem-a-integracao-entre-teoria-e-pratica\/"]}]},{"@type":"BreadcrumbList","@id":"https:\/\/www.hospitalriodoce.com.br\/br\/index.php\/2025\/11\/21\/residencia-multiprofissional-em-saude-r1-apresentam-projetos-de-conclusao-e-fortalecem-a-integracao-entre-teoria-e-pratica\/#breadcrumb","itemListElement":[{"@type":"ListItem","position":1,"name":"Home","item":"https:\/\/www.hospitalriodoce.com.br\/br\/"},{"@type":"ListItem","position":2,"name":"Resid\u00eancia Multiprofissional em Sa\u00fade: R1 Apresentam Projetos de Conclus\u00e3o e Fortalecem a Integra\u00e7\u00e3o entre Teoria e Pr\u00e1tica"}]},{"@type":"Article","@id":"https:\/\/www.hospitalriodoce.com.br\/br\/index.php\/2025\/11\/21\/residencia-multiprofissional-em-saude-r1-apresentam-projetos-de-conclusao-e-fortalecem-a-integracao-entre-teoria-e-pratica\/#article","isPartOf":{"@id":"https:\/\/www.hospitalriodoce.com.br\/br\/index.php\/2025\/11\/21\/residencia-multiprofissional-em-saude-r1-apresentam-projetos-de-conclusao-e-fortalecem-a-integracao-entre-teoria-e-pratica\/#webpage"},"author":{"@id":"https:\/\/www.hospitalriodoce.com.br\/br\/#\/schema\/person\/fceb3e09053e5a2a4d79f7999ee34aee"},"headline":"Resid\u00eancia Multiprofissional em Sa\u00fade: R1 Apresentam Projetos de Conclus\u00e3o e Fortalecem a Integra\u00e7\u00e3o entre Teoria e Pr\u00e1tica","datePublished":"2025-11-21T20:30:01+00:00","dateModified":"2025-11-21T20:30:02+00:00","mainEntityOfPage":{"@id":"https:\/\/www.hospitalriodoce.com.br\/br\/index.php\/2025\/11\/21\/residencia-multiprofissional-em-saude-r1-apresentam-projetos-de-conclusao-e-fortalecem-a-integracao-entre-teoria-e-pratica\/#webpage"},"wordCount":175,"commentCount":0,"publisher":{"@id":"https:\/\/www.hospitalriodoce.com.br\/br\/#organization"},"image":{"@id":"https:\/\/www.hospitalriodoce.com.br\/br\/index.php\/2025\/11\/21\/residencia-multiprofissional-em-saude-r1-apresentam-projetos-de-conclusao-e-fortalecem-a-integracao-entre-teoria-e-pratica\/#primaryimage"},"thumbnailUrl":"https:\/\/www.hospitalriodoce.com.br\/br\/wp-content\/uploads\/2025\/11\/WhatsApp-Image-2025-11-21-at-11.58.44.jpeg","articleSection":["Not\u00edcias"],"inLanguage":"pt-BR","potentialAction":[{"@type":"CommentAction","name":"Comment","target":["https:\/\/www.hospitalriodoce.com.br\/br\/index.php\/2025\/11\/21\/residencia-multiprofissional-em-saude-r1-apresentam-projetos-de-conclusao-e-fortalecem-a-integracao-entre-teoria-e-pratica\/#respond"]}]},{"@type":"Person","@id":"https:\/\/www.hospitalriodoce.com.br\/br\/#\/schema\/person\/fceb3e09053e5a2a4d79f7999ee34aee","name":"hospitalriodoce","image":{"@type":"ImageObject","@id":"https:\/\/www.hospitalriodoce.com.br\/br\/#personlogo","inLanguage":"pt-BR","url":"https:\/\/secure.gravatar.com\/avatar\/34ea37b5f2212b479b52a2a66f589314?s=96&d=mm&r=g","contentUrl":"https:\/\/secure.gravatar.com\/avatar\/34ea37b5f2212b479b52a2a66f589314?s=96&d=mm&r=g","caption":"hospitalriodoce"},"sameAs":["http:\/\/www.hospitalriodoce.com.br\/br"]}]}},"_links":{"self":[{"href":"https:\/\/www.hospitalriodoce.com.br\/br\/index.php\/wp-json\/wp\/v2\/posts\/4551"}],"collection":[{"href":"https:\/\/www.hospitalriodoce.com.br\/br\/index.php\/wp-json\/wp\/v2\/posts"}],"about":[{"href":"https:\/\/www.hospitalriodoce.com.br\/br\/index.php\/wp-json\/wp\/v2\/types\/post"}],"author":[{"embeddable":true,"href":"https:\/\/www.hospitalriodoce.com.br\/br\/index.php\/wp-json\/wp\/v2\/users\/1"}],"replies":[{"embeddable":true,"href":"https:\/\/www.hospitalriodoce.com.br\/br\/index.php\/wp-json\/wp\/v2\/comments?post=4551"}],"version-history":[{"count":1,"href":"https:\/\/www.hospitalriodoce.com.br\/br\/index.php\/wp-json\/wp\/v2\/posts\/4551\/revisions"}],"predecessor-version":[{"id":4553,"href":"https:\/\/www.hospitalriodoce.com.br\/br\/index.php\/wp-json\/wp\/v2\/posts\/4551\/revisions\/4553"}],"wp:featuredmedia":[{"embeddable":true,"href":"https:\/\/www.hospitalriodoce.com.br\/br\/index.php\/wp-json\/wp\/v2\/media\/4552"}],"wp:attachment":[{"href":"https:\/\/www.hospitalriodoce.com.br\/br\/index.php\/wp-json\/wp\/v2\/media?parent=4551"}],"wp:term":[{"taxonomy":"category","embeddable":true,"href":"https:\/\/www.hospitalriodoce.com.br\/br\/index.php\/wp-json\/wp\/v2\/categories?post=4551"},{"taxonomy":"post_tag","embeddable":true,"href":"https:\/\/www.hospitalriodoce.com.br\/br\/index.php\/wp-json\/wp\/v2\/tags?post=4551"}],"curies":[{"name":"wp","href":"https:\/\/api.w.org\/{rel}","templated":true}]}}