{"id":4555,"date":"2025-11-21T17:31:18","date_gmt":"2025-11-21T20:31:18","guid":{"rendered":"https:\/\/www.hospitalriodoce.com.br\/br\/?p=4555"},"modified":"2025-11-21T17:31:19","modified_gmt":"2025-11-21T20:31:19","slug":"residencia-multiprofissional-em-saude-r2-encerram-ciclo-com-apresentacao-de-trabalhos-de-conclusao-de-residencia-tcr","status":"publish","type":"post","link":"https:\/\/www.hospitalriodoce.com.br\/br\/index.php\/2025\/11\/21\/residencia-multiprofissional-em-saude-r2-encerram-ciclo-com-apresentacao-de-trabalhos-de-conclusao-de-residencia-tcr\/","title":{"rendered":"Resid\u00eancia Multiprofissional em Sa\u00fade: R2 Encerram Ciclo com Apresenta\u00e7\u00e3o de Trabalhos de Conclus\u00e3o de Resid\u00eancia (TCR)"},"content":{"rendered":"\n<p>Conhecimento que se transforma em cuidado! \ud83d\udc4f\ud83c\udffc<\/p>\n\n\n\n<p>Em novembro, foi a vez dos residentes R2 apresentarem seus Trabalhos de Conclus\u00e3o de Resid\u00eancia (TCR), encerrando um ciclo de estudos, pesquisa e pr\u00e1tica assistencial no Hospital Rio Doce.<\/p>\n\n\n\n<p>Assim como entre os R1, o TCR tem um papel fundamental: aproxima teoria e pr\u00e1tica, estimula a pesquisa aplicada ao cuidado em sa\u00fade e contribui para o aperfei\u00e7oamento cont\u00ednuo dos profissionais, ampliando o impacto da resid\u00eancia na qualidade da assist\u00eancia oferecida \u00e0 comunidade.<\/p>\n\n\n\n<p>O TCR \u00e9 uma atividade obrigat\u00f3ria do Programa de Resid\u00eancia Multiprofissional em Sa\u00fade do Hospital Rio Doce. Previsto no Projeto Pedag\u00f3gico do Programa, representa o trabalho final de p\u00f3s-gradua\u00e7\u00e3o Lato sensu, desenvolvido individualmente por cada residente.<\/p>\n\n\n\n<p>Nosso reconhecimento e parab\u00e9ns aos R2 por mais essa conquista e pela dedica\u00e7\u00e3o em transformar conhecimento em cuidado para a popula\u00e7\u00e3o. \ud83d\udc99<\/p>\n\n\n\n<p>Paola Nali (Assessora de Comunica\u00e7\u00e3o)<\/p>\n","protected":false},"excerpt":{"rendered":"<p>Conhecimento que se transforma em cuidado! \ud83d\udc4f\ud83c\udffc Em novembro, foi a vez dos residentes R2 apresentarem seus Trabalhos de Conclus\u00e3o de Resid\u00eancia (TCR), encerrando um ciclo de estudos, pesquisa e pr\u00e1tica assistencial no Hospital Rio Doce. Assim como entre os R1, o TCR tem um papel fundamental: aproxima teoria e pr\u00e1tica, estimula a pesquisa aplicada [&hellip;]<\/p>\n","protected":false},"author":1,"featured_media":4556,"comment_status":"open","ping_status":"open","sticky":false,"template":"","format":"standard","meta":{"_monsterinsights_skip_tracking":false,"_monsterinsights_sitenote_active":false,"_monsterinsights_sitenote_note":"","_monsterinsights_sitenote_category":0,"footnotes":""},"categories":[1],"tags":[],"class_list":["post-4555","post","type-post","status-publish","format-standard","has-post-thumbnail","hentry","category-noticias"],"yoast_head":"<!-- This site is optimized with the Yoast SEO plugin v16.7 - https:\/\/yoast.com\/wordpress\/plugins\/seo\/ -->\n<title>Resid\u00eancia Multiprofissional em Sa\u00fade: R2 Encerram Ciclo com Apresenta\u00e7\u00e3o de Trabalhos de Conclus\u00e3o de Resid\u00eancia (TCR) - Hospital Rio Doce<\/title>\n<meta name=\"robots\" content=\"index, follow, max-snippet:-1, max-image-preview:large, max-video-preview:-1\" \/>\n<link rel=\"canonical\" href=\"https:\/\/www.hospitalriodoce.com.br\/br\/index.php\/2025\/11\/21\/residencia-multiprofissional-em-saude-r2-encerram-ciclo-com-apresentacao-de-trabalhos-de-conclusao-de-residencia-tcr\/\" \/>\n<meta property=\"og:locale\" content=\"pt_BR\" \/>\n<meta property=\"og:type\" content=\"article\" \/>\n<meta property=\"og:title\" content=\"Resid\u00eancia Multiprofissional em Sa\u00fade: R2 Encerram Ciclo com Apresenta\u00e7\u00e3o de Trabalhos de Conclus\u00e3o de Resid\u00eancia (TCR) - Hospital Rio Doce\" \/>\n<meta property=\"og:description\" content=\"Conhecimento que se transforma em cuidado! \ud83d\udc4f\ud83c\udffc Em novembro, foi a vez dos residentes R2 apresentarem seus Trabalhos de Conclus\u00e3o de Resid\u00eancia (TCR), encerrando um ciclo de estudos, pesquisa e pr\u00e1tica assistencial no Hospital Rio Doce. Assim como entre os R1, o TCR tem um papel fundamental: aproxima teoria e pr\u00e1tica, estimula a pesquisa aplicada [&hellip;]\" \/>\n<meta property=\"og:url\" content=\"https:\/\/www.hospitalriodoce.com.br\/br\/index.php\/2025\/11\/21\/residencia-multiprofissional-em-saude-r2-encerram-ciclo-com-apresentacao-de-trabalhos-de-conclusao-de-residencia-tcr\/\" \/>\n<meta property=\"og:site_name\" content=\"Hospital Rio Doce\" \/>\n<meta property=\"article:publisher\" content=\"https:\/\/fb.me\/hospitalriodoce\" \/>\n<meta property=\"article:published_time\" content=\"2025-11-21T20:31:18+00:00\" \/>\n<meta property=\"article:modified_time\" content=\"2025-11-21T20:31:19+00:00\" \/>\n<meta property=\"og:image\" content=\"https:\/\/www.hospitalriodoce.com.br\/br\/wp-content\/uploads\/2025\/11\/WhatsApp-Image-2025-11-21-at-11.59.17.jpeg\" \/>\n\t<meta property=\"og:image:width\" content=\"1080\" \/>\n\t<meta property=\"og:image:height\" content=\"1350\" \/>\n<meta name=\"twitter:card\" content=\"summary_large_image\" \/>\n<meta name=\"twitter:label1\" content=\"Escrito por\" \/>\n\t<meta name=\"twitter:data1\" content=\"hospitalriodoce\" \/>\n\t<meta name=\"twitter:label2\" content=\"Est. tempo de leitura\" \/>\n\t<meta name=\"twitter:data2\" content=\"1 minuto\" \/>\n<script type=\"application\/ld+json\" class=\"yoast-schema-graph\">{\"@context\":\"https:\/\/schema.org\",\"@graph\":[{\"@type\":\"Organization\",\"@id\":\"https:\/\/www.hospitalriodoce.com.br\/br\/#organization\",\"name\":\"Hospital Rio Doce\",\"url\":\"https:\/\/www.hospitalriodoce.com.br\/br\/\",\"sameAs\":[\"https:\/\/fb.me\/hospitalriodoce\",\"https:\/\/instagram.com\/hospitalriodoce\"],\"logo\":{\"@type\":\"ImageObject\",\"@id\":\"https:\/\/www.hospitalriodoce.com.br\/br\/#logo\",\"inLanguage\":\"pt-BR\",\"url\":\"http:\/\/www.hospitalriodoce.com.br\/br\/wp-content\/uploads\/2020\/08\/Hospital-Rio-Doce-Logo.png\",\"contentUrl\":\"http:\/\/www.hospitalriodoce.com.br\/br\/wp-content\/uploads\/2020\/08\/Hospital-Rio-Doce-Logo.png\",\"width\":1558,\"height\":590,\"caption\":\"Hospital Rio Doce\"},\"image\":{\"@id\":\"https:\/\/www.hospitalriodoce.com.br\/br\/#logo\"}},{\"@type\":\"WebSite\",\"@id\":\"https:\/\/www.hospitalriodoce.com.br\/br\/#website\",\"url\":\"https:\/\/www.hospitalriodoce.com.br\/br\/\",\"name\":\"Hospital Rio Doce\",\"description\":\"O Hospital Rio Doce \\u00e9 uma institui\\u00e7\\u00e3o filantr\\u00f3pica mantida pela Funda\\u00e7\\u00e3o Beneficente Rio Doce.\",\"publisher\":{\"@id\":\"https:\/\/www.hospitalriodoce.com.br\/br\/#organization\"},\"potentialAction\":[{\"@type\":\"SearchAction\",\"target\":{\"@type\":\"EntryPoint\",\"urlTemplate\":\"https:\/\/www.hospitalriodoce.com.br\/br\/?s={search_term_string}\"},\"query-input\":\"required name=search_term_string\"}],\"inLanguage\":\"pt-BR\"},{\"@type\":\"ImageObject\",\"@id\":\"https:\/\/www.hospitalriodoce.com.br\/br\/index.php\/2025\/11\/21\/residencia-multiprofissional-em-saude-r2-encerram-ciclo-com-apresentacao-de-trabalhos-de-conclusao-de-residencia-tcr\/#primaryimage\",\"inLanguage\":\"pt-BR\",\"url\":\"https:\/\/www.hospitalriodoce.com.br\/br\/wp-content\/uploads\/2025\/11\/WhatsApp-Image-2025-11-21-at-11.59.17.jpeg\",\"contentUrl\":\"https:\/\/www.hospitalriodoce.com.br\/br\/wp-content\/uploads\/2025\/11\/WhatsApp-Image-2025-11-21-at-11.59.17.jpeg\",\"width\":1080,\"height\":1350},{\"@type\":\"WebPage\",\"@id\":\"https:\/\/www.hospitalriodoce.com.br\/br\/index.php\/2025\/11\/21\/residencia-multiprofissional-em-saude-r2-encerram-ciclo-com-apresentacao-de-trabalhos-de-conclusao-de-residencia-tcr\/#webpage\",\"url\":\"https:\/\/www.hospitalriodoce.com.br\/br\/index.php\/2025\/11\/21\/residencia-multiprofissional-em-saude-r2-encerram-ciclo-com-apresentacao-de-trabalhos-de-conclusao-de-residencia-tcr\/\",\"name\":\"Resid\\u00eancia Multiprofissional em Sa\\u00fade: R2 Encerram Ciclo com Apresenta\\u00e7\\u00e3o de Trabalhos de Conclus\\u00e3o de Resid\\u00eancia (TCR) - Hospital Rio Doce\",\"isPartOf\":{\"@id\":\"https:\/\/www.hospitalriodoce.com.br\/br\/#website\"},\"primaryImageOfPage\":{\"@id\":\"https:\/\/www.hospitalriodoce.com.br\/br\/index.php\/2025\/11\/21\/residencia-multiprofissional-em-saude-r2-encerram-ciclo-com-apresentacao-de-trabalhos-de-conclusao-de-residencia-tcr\/#primaryimage\"},\"datePublished\":\"2025-11-21T20:31:18+00:00\",\"dateModified\":\"2025-11-21T20:31:19+00:00\",\"breadcrumb\":{\"@id\":\"https:\/\/www.hospitalriodoce.com.br\/br\/index.php\/2025\/11\/21\/residencia-multiprofissional-em-saude-r2-encerram-ciclo-com-apresentacao-de-trabalhos-de-conclusao-de-residencia-tcr\/#breadcrumb\"},\"inLanguage\":\"pt-BR\",\"potentialAction\":[{\"@type\":\"ReadAction\",\"target\":[\"https:\/\/www.hospitalriodoce.com.br\/br\/index.php\/2025\/11\/21\/residencia-multiprofissional-em-saude-r2-encerram-ciclo-com-apresentacao-de-trabalhos-de-conclusao-de-residencia-tcr\/\"]}]},{\"@type\":\"BreadcrumbList\",\"@id\":\"https:\/\/www.hospitalriodoce.com.br\/br\/index.php\/2025\/11\/21\/residencia-multiprofissional-em-saude-r2-encerram-ciclo-com-apresentacao-de-trabalhos-de-conclusao-de-residencia-tcr\/#breadcrumb\",\"itemListElement\":[{\"@type\":\"ListItem\",\"position\":1,\"name\":\"Home\",\"item\":\"https:\/\/www.hospitalriodoce.com.br\/br\/\"},{\"@type\":\"ListItem\",\"position\":2,\"name\":\"Resid\\u00eancia Multiprofissional em Sa\\u00fade: R2 Encerram Ciclo com Apresenta\\u00e7\\u00e3o de Trabalhos de Conclus\\u00e3o de Resid\\u00eancia (TCR)\"}]},{\"@type\":\"Article\",\"@id\":\"https:\/\/www.hospitalriodoce.com.br\/br\/index.php\/2025\/11\/21\/residencia-multiprofissional-em-saude-r2-encerram-ciclo-com-apresentacao-de-trabalhos-de-conclusao-de-residencia-tcr\/#article\",\"isPartOf\":{\"@id\":\"https:\/\/www.hospitalriodoce.com.br\/br\/index.php\/2025\/11\/21\/residencia-multiprofissional-em-saude-r2-encerram-ciclo-com-apresentacao-de-trabalhos-de-conclusao-de-residencia-tcr\/#webpage\"},\"author\":{\"@id\":\"https:\/\/www.hospitalriodoce.com.br\/br\/#\/schema\/person\/fceb3e09053e5a2a4d79f7999ee34aee\"},\"headline\":\"Resid\\u00eancia Multiprofissional em Sa\\u00fade: R2 Encerram Ciclo com Apresenta\\u00e7\\u00e3o de Trabalhos de Conclus\\u00e3o de Resid\\u00eancia (TCR)\",\"datePublished\":\"2025-11-21T20:31:18+00:00\",\"dateModified\":\"2025-11-21T20:31:19+00:00\",\"mainEntityOfPage\":{\"@id\":\"https:\/\/www.hospitalriodoce.com.br\/br\/index.php\/2025\/11\/21\/residencia-multiprofissional-em-saude-r2-encerram-ciclo-com-apresentacao-de-trabalhos-de-conclusao-de-residencia-tcr\/#webpage\"},\"wordCount\":178,\"commentCount\":0,\"publisher\":{\"@id\":\"https:\/\/www.hospitalriodoce.com.br\/br\/#organization\"},\"image\":{\"@id\":\"https:\/\/www.hospitalriodoce.com.br\/br\/index.php\/2025\/11\/21\/residencia-multiprofissional-em-saude-r2-encerram-ciclo-com-apresentacao-de-trabalhos-de-conclusao-de-residencia-tcr\/#primaryimage\"},\"thumbnailUrl\":\"https:\/\/www.hospitalriodoce.com.br\/br\/wp-content\/uploads\/2025\/11\/WhatsApp-Image-2025-11-21-at-11.59.17.jpeg\",\"articleSection\":[\"Not\\u00edcias\"],\"inLanguage\":\"pt-BR\",\"potentialAction\":[{\"@type\":\"CommentAction\",\"name\":\"Comment\",\"target\":[\"https:\/\/www.hospitalriodoce.com.br\/br\/index.php\/2025\/11\/21\/residencia-multiprofissional-em-saude-r2-encerram-ciclo-com-apresentacao-de-trabalhos-de-conclusao-de-residencia-tcr\/#respond\"]}]},{\"@type\":\"Person\",\"@id\":\"https:\/\/www.hospitalriodoce.com.br\/br\/#\/schema\/person\/fceb3e09053e5a2a4d79f7999ee34aee\",\"name\":\"hospitalriodoce\",\"image\":{\"@type\":\"ImageObject\",\"@id\":\"https:\/\/www.hospitalriodoce.com.br\/br\/#personlogo\",\"inLanguage\":\"pt-BR\",\"url\":\"https:\/\/secure.gravatar.com\/avatar\/34ea37b5f2212b479b52a2a66f589314?s=96&d=mm&r=g\",\"contentUrl\":\"https:\/\/secure.gravatar.com\/avatar\/34ea37b5f2212b479b52a2a66f589314?s=96&d=mm&r=g\",\"caption\":\"hospitalriodoce\"},\"sameAs\":[\"http:\/\/www.hospitalriodoce.com.br\/br\"]}]}<\/script>\n<!-- \/ Yoast SEO plugin. -->","yoast_head_json":{"title":"Resid\u00eancia Multiprofissional em Sa\u00fade: R2 Encerram Ciclo com Apresenta\u00e7\u00e3o de Trabalhos de Conclus\u00e3o de Resid\u00eancia (TCR) - Hospital Rio Doce","robots":{"index":"index","follow":"follow","max-snippet":"max-snippet:-1","max-image-preview":"max-image-preview:large","max-video-preview":"max-video-preview:-1"},"canonical":"https:\/\/www.hospitalriodoce.com.br\/br\/index.php\/2025\/11\/21\/residencia-multiprofissional-em-saude-r2-encerram-ciclo-com-apresentacao-de-trabalhos-de-conclusao-de-residencia-tcr\/","og_locale":"pt_BR","og_type":"article","og_title":"Resid\u00eancia Multiprofissional em Sa\u00fade: R2 Encerram Ciclo com Apresenta\u00e7\u00e3o de Trabalhos de Conclus\u00e3o de Resid\u00eancia (TCR) - Hospital Rio Doce","og_description":"Conhecimento que se transforma em cuidado! \ud83d\udc4f\ud83c\udffc Em novembro, foi a vez dos residentes R2 apresentarem seus Trabalhos de Conclus\u00e3o de Resid\u00eancia (TCR), encerrando um ciclo de estudos, pesquisa e pr\u00e1tica assistencial no Hospital Rio Doce. Assim como entre os R1, o TCR tem um papel fundamental: aproxima teoria e pr\u00e1tica, estimula a pesquisa aplicada [&hellip;]","og_url":"https:\/\/www.hospitalriodoce.com.br\/br\/index.php\/2025\/11\/21\/residencia-multiprofissional-em-saude-r2-encerram-ciclo-com-apresentacao-de-trabalhos-de-conclusao-de-residencia-tcr\/","og_site_name":"Hospital Rio Doce","article_publisher":"https:\/\/fb.me\/hospitalriodoce","article_published_time":"2025-11-21T20:31:18+00:00","article_modified_time":"2025-11-21T20:31:19+00:00","og_image":[{"width":1080,"height":1350,"filesize":261529,"url":"https:\/\/www.hospitalriodoce.com.br\/br\/wp-content\/uploads\/2025\/11\/WhatsApp-Image-2025-11-21-at-11.59.17.jpeg","path":"\/home\/h\/hospitalriodoce\/www\/br\/wp-content\/uploads\/2025\/11\/WhatsApp-Image-2025-11-21-at-11.59.17.jpeg","size":"full","id":4556,"alt":"","pixels":1458000,"type":"image\/jpeg"}],"twitter_card":"summary_large_image","twitter_misc":{"Escrito por":"hospitalriodoce","Est. tempo de leitura":"1 minuto"},"schema":{"@context":"https:\/\/schema.org","@graph":[{"@type":"Organization","@id":"https:\/\/www.hospitalriodoce.com.br\/br\/#organization","name":"Hospital Rio Doce","url":"https:\/\/www.hospitalriodoce.com.br\/br\/","sameAs":["https:\/\/fb.me\/hospitalriodoce","https:\/\/instagram.com\/hospitalriodoce"],"logo":{"@type":"ImageObject","@id":"https:\/\/www.hospitalriodoce.com.br\/br\/#logo","inLanguage":"pt-BR","url":"http:\/\/www.hospitalriodoce.com.br\/br\/wp-content\/uploads\/2020\/08\/Hospital-Rio-Doce-Logo.png","contentUrl":"http:\/\/www.hospitalriodoce.com.br\/br\/wp-content\/uploads\/2020\/08\/Hospital-Rio-Doce-Logo.png","width":1558,"height":590,"caption":"Hospital Rio Doce"},"image":{"@id":"https:\/\/www.hospitalriodoce.com.br\/br\/#logo"}},{"@type":"WebSite","@id":"https:\/\/www.hospitalriodoce.com.br\/br\/#website","url":"https:\/\/www.hospitalriodoce.com.br\/br\/","name":"Hospital Rio Doce","description":"O Hospital Rio Doce \u00e9 uma institui\u00e7\u00e3o filantr\u00f3pica mantida pela Funda\u00e7\u00e3o Beneficente Rio Doce.","publisher":{"@id":"https:\/\/www.hospitalriodoce.com.br\/br\/#organization"},"potentialAction":[{"@type":"SearchAction","target":{"@type":"EntryPoint","urlTemplate":"https:\/\/www.hospitalriodoce.com.br\/br\/?s={search_term_string}"},"query-input":"required name=search_term_string"}],"inLanguage":"pt-BR"},{"@type":"ImageObject","@id":"https:\/\/www.hospitalriodoce.com.br\/br\/index.php\/2025\/11\/21\/residencia-multiprofissional-em-saude-r2-encerram-ciclo-com-apresentacao-de-trabalhos-de-conclusao-de-residencia-tcr\/#primaryimage","inLanguage":"pt-BR","url":"https:\/\/www.hospitalriodoce.com.br\/br\/wp-content\/uploads\/2025\/11\/WhatsApp-Image-2025-11-21-at-11.59.17.jpeg","contentUrl":"https:\/\/www.hospitalriodoce.com.br\/br\/wp-content\/uploads\/2025\/11\/WhatsApp-Image-2025-11-21-at-11.59.17.jpeg","width":1080,"height":1350},{"@type":"WebPage","@id":"https:\/\/www.hospitalriodoce.com.br\/br\/index.php\/2025\/11\/21\/residencia-multiprofissional-em-saude-r2-encerram-ciclo-com-apresentacao-de-trabalhos-de-conclusao-de-residencia-tcr\/#webpage","url":"https:\/\/www.hospitalriodoce.com.br\/br\/index.php\/2025\/11\/21\/residencia-multiprofissional-em-saude-r2-encerram-ciclo-com-apresentacao-de-trabalhos-de-conclusao-de-residencia-tcr\/","name":"Resid\u00eancia Multiprofissional em Sa\u00fade: R2 Encerram Ciclo com Apresenta\u00e7\u00e3o de Trabalhos de Conclus\u00e3o de Resid\u00eancia (TCR) - Hospital Rio Doce","isPartOf":{"@id":"https:\/\/www.hospitalriodoce.com.br\/br\/#website"},"primaryImageOfPage":{"@id":"https:\/\/www.hospitalriodoce.com.br\/br\/index.php\/2025\/11\/21\/residencia-multiprofissional-em-saude-r2-encerram-ciclo-com-apresentacao-de-trabalhos-de-conclusao-de-residencia-tcr\/#primaryimage"},"datePublished":"2025-11-21T20:31:18+00:00","dateModified":"2025-11-21T20:31:19+00:00","breadcrumb":{"@id":"https:\/\/www.hospitalriodoce.com.br\/br\/index.php\/2025\/11\/21\/residencia-multiprofissional-em-saude-r2-encerram-ciclo-com-apresentacao-de-trabalhos-de-conclusao-de-residencia-tcr\/#breadcrumb"},"inLanguage":"pt-BR","potentialAction":[{"@type":"ReadAction","target":["https:\/\/www.hospitalriodoce.com.br\/br\/index.php\/2025\/11\/21\/residencia-multiprofissional-em-saude-r2-encerram-ciclo-com-apresentacao-de-trabalhos-de-conclusao-de-residencia-tcr\/"]}]},{"@type":"BreadcrumbList","@id":"https:\/\/www.hospitalriodoce.com.br\/br\/index.php\/2025\/11\/21\/residencia-multiprofissional-em-saude-r2-encerram-ciclo-com-apresentacao-de-trabalhos-de-conclusao-de-residencia-tcr\/#breadcrumb","itemListElement":[{"@type":"ListItem","position":1,"name":"Home","item":"https:\/\/www.hospitalriodoce.com.br\/br\/"},{"@type":"ListItem","position":2,"name":"Resid\u00eancia Multiprofissional em Sa\u00fade: R2 Encerram Ciclo com Apresenta\u00e7\u00e3o de Trabalhos de Conclus\u00e3o de Resid\u00eancia (TCR)"}]},{"@type":"Article","@id":"https:\/\/www.hospitalriodoce.com.br\/br\/index.php\/2025\/11\/21\/residencia-multiprofissional-em-saude-r2-encerram-ciclo-com-apresentacao-de-trabalhos-de-conclusao-de-residencia-tcr\/#article","isPartOf":{"@id":"https:\/\/www.hospitalriodoce.com.br\/br\/index.php\/2025\/11\/21\/residencia-multiprofissional-em-saude-r2-encerram-ciclo-com-apresentacao-de-trabalhos-de-conclusao-de-residencia-tcr\/#webpage"},"author":{"@id":"https:\/\/www.hospitalriodoce.com.br\/br\/#\/schema\/person\/fceb3e09053e5a2a4d79f7999ee34aee"},"headline":"Resid\u00eancia Multiprofissional em Sa\u00fade: R2 Encerram Ciclo com Apresenta\u00e7\u00e3o de Trabalhos de Conclus\u00e3o de Resid\u00eancia (TCR)","datePublished":"2025-11-21T20:31:18+00:00","dateModified":"2025-11-21T20:31:19+00:00","mainEntityOfPage":{"@id":"https:\/\/www.hospitalriodoce.com.br\/br\/index.php\/2025\/11\/21\/residencia-multiprofissional-em-saude-r2-encerram-ciclo-com-apresentacao-de-trabalhos-de-conclusao-de-residencia-tcr\/#webpage"},"wordCount":178,"commentCount":0,"publisher":{"@id":"https:\/\/www.hospitalriodoce.com.br\/br\/#organization"},"image":{"@id":"https:\/\/www.hospitalriodoce.com.br\/br\/index.php\/2025\/11\/21\/residencia-multiprofissional-em-saude-r2-encerram-ciclo-com-apresentacao-de-trabalhos-de-conclusao-de-residencia-tcr\/#primaryimage"},"thumbnailUrl":"https:\/\/www.hospitalriodoce.com.br\/br\/wp-content\/uploads\/2025\/11\/WhatsApp-Image-2025-11-21-at-11.59.17.jpeg","articleSection":["Not\u00edcias"],"inLanguage":"pt-BR","potentialAction":[{"@type":"CommentAction","name":"Comment","target":["https:\/\/www.hospitalriodoce.com.br\/br\/index.php\/2025\/11\/21\/residencia-multiprofissional-em-saude-r2-encerram-ciclo-com-apresentacao-de-trabalhos-de-conclusao-de-residencia-tcr\/#respond"]}]},{"@type":"Person","@id":"https:\/\/www.hospitalriodoce.com.br\/br\/#\/schema\/person\/fceb3e09053e5a2a4d79f7999ee34aee","name":"hospitalriodoce","image":{"@type":"ImageObject","@id":"https:\/\/www.hospitalriodoce.com.br\/br\/#personlogo","inLanguage":"pt-BR","url":"https:\/\/secure.gravatar.com\/avatar\/34ea37b5f2212b479b52a2a66f589314?s=96&d=mm&r=g","contentUrl":"https:\/\/secure.gravatar.com\/avatar\/34ea37b5f2212b479b52a2a66f589314?s=96&d=mm&r=g","caption":"hospitalriodoce"},"sameAs":["http:\/\/www.hospitalriodoce.com.br\/br"]}]}},"_links":{"self":[{"href":"https:\/\/www.hospitalriodoce.com.br\/br\/index.php\/wp-json\/wp\/v2\/posts\/4555"}],"collection":[{"href":"https:\/\/www.hospitalriodoce.com.br\/br\/index.php\/wp-json\/wp\/v2\/posts"}],"about":[{"href":"https:\/\/www.hospitalriodoce.com.br\/br\/index.php\/wp-json\/wp\/v2\/types\/post"}],"author":[{"embeddable":true,"href":"https:\/\/www.hospitalriodoce.com.br\/br\/index.php\/wp-json\/wp\/v2\/users\/1"}],"replies":[{"embeddable":true,"href":"https:\/\/www.hospitalriodoce.com.br\/br\/index.php\/wp-json\/wp\/v2\/comments?post=4555"}],"version-history":[{"count":1,"href":"https:\/\/www.hospitalriodoce.com.br\/br\/index.php\/wp-json\/wp\/v2\/posts\/4555\/revisions"}],"predecessor-version":[{"id":4557,"href":"https:\/\/www.hospitalriodoce.com.br\/br\/index.php\/wp-json\/wp\/v2\/posts\/4555\/revisions\/4557"}],"wp:featuredmedia":[{"embeddable":true,"href":"https:\/\/www.hospitalriodoce.com.br\/br\/index.php\/wp-json\/wp\/v2\/media\/4556"}],"wp:attachment":[{"href":"https:\/\/www.hospitalriodoce.com.br\/br\/index.php\/wp-json\/wp\/v2\/media?parent=4555"}],"wp:term":[{"taxonomy":"category","embeddable":true,"href":"https:\/\/www.hospitalriodoce.com.br\/br\/index.php\/wp-json\/wp\/v2\/categories?post=4555"},{"taxonomy":"post_tag","embeddable":true,"href":"https:\/\/www.hospitalriodoce.com.br\/br\/index.php\/wp-json\/wp\/v2\/tags?post=4555"}],"curies":[{"name":"wp","href":"https:\/\/api.w.org\/{rel}","templated":true}]}}